{"id":45256,"date":"2019-03-06T06:41:56","date_gmt":"2019-03-06T11:41:56","guid":{"rendered":"http:\/\/elinformanteperu.com\/?p=45256"},"modified":"2019-03-06T06:41:56","modified_gmt":"2019-03-06T11:41:56","slug":"comision-de-etica-aprueba-iniciar-indagacion-preliminar-contra-lescano","status":"publish","type":"post","link":"https:\/\/elinformanteperu.com\/index.php\/2019\/03\/06\/comision-de-etica-aprueba-iniciar-indagacion-preliminar-contra-lescano\/","title":{"rendered":"Comisi\u00f3n de \u00c9tica aprueba iniciar indagaci\u00f3n preliminar contra Lescano"},"content":{"rendered":"<p><strong><span style=\"color: #000000;\">La Comisi\u00f3n de \u00c9tica del Congreso aprob\u00f3 iniciar una indagaci\u00f3n preliminar contra el congresista Yonhy Lescano Ancieta, por haber infringido presuntamente el C\u00f3digo de \u00c9tica.<\/span><\/strong><\/p>\n<p><span style=\"color: #000000;\"><strong>Lima, 05 de Marzo 2019, (ANDINA).-<\/strong> La Comisi\u00f3n de \u00c9tica del Congreso aprob\u00f3 iniciar una indagaci\u00f3n preliminar contra el congresista Yonhy Lescano Ancieta, por haber infringido presuntamente el C\u00f3digo de \u00c9tica.<\/span><\/p>\n<p><span style=\"color: #000000;\">Dicha decisi\u00f3n fue tomada esta tarde en la sesi\u00f3n de este grupo de trabajo que sesion\u00f3 para analizar la denuncia por acoso sexual contra Lescano.<\/span><\/p>\n<p><span style=\"color: #000000;\">Los integrantes de este grupo de trabajo decidieron por unanimidad iniciar la investigaci\u00f3n.<\/span><\/p>\n<p><span style=\"color: #000000;\">Como se recuerda, Lescano fue denunciado por una periodista por el presunto delito de acoso sexual cometido a trav\u00e9s de conversaciones por la red de comunicaci\u00f3n whatsapp.<\/span><\/p>\n<p><span style=\"color: #000000;\">En estos momentos, Lescano se presenta ante la Comisi\u00f3n de \u00c9tica para hacer su descargo frente a las acusaciones.<\/span><\/p>\n<p><iframe title=\"Comisi\u00f3n de \u00c9tica aprueba investigar a Yonhy Lescano presunto acoso sexual\" width=\"615\" height=\"346\" src=\"https:\/\/www.youtube.com\/embed\/LfZiLp4UoNU?feature=oembed\" frameborder=\"0\" allow=\"accelerometer; autoplay; clipboard-write; encrypted-media; gyroscope; picture-in-picture; web-share\" referrerpolicy=\"strict-origin-when-cross-origin\" allowfullscreen><\/iframe><\/p>\n","protected":false},"excerpt":{"rendered":"<p>La Comisi\u00f3n de \u00c9tica del Congreso aprob\u00f3 iniciar una indagaci\u00f3n preliminar contra el congresista Yonhy Lescano Ancieta, por haber infringido presuntamente el C\u00f3digo de \u00c9tica. Lima, 05 de Marzo 2019, (ANDINA).- La Comisi\u00f3n de \u00c9tica del Congreso aprob\u00f3 iniciar una indagaci\u00f3n preliminar contra el congresista Yonhy Lescano Ancieta, por haber infringido presuntamente el C\u00f3digo de [&hellip;]<\/p>\n","protected":false},"author":1,"featured_media":45258,"comment_status":"open","ping_status":"open","sticky":false,"template":"","format":"standard","meta":{"rop_custom_images_group":[],"rop_custom_messages_group":[],"rop_publish_now":"initial","rop_publish_now_accounts":[],"rop_publish_now_history":[],"rop_publish_now_status":"pending","footnotes":""},"categories":[5],"tags":[4255,192,475],"class_list":["post-45256","post","type-post","status-publish","format-standard","has-post-thumbnail","hentry","category-actualidad-informativa","tag-acoso-sexual","tag-congreso","tag-yonhy-lescano"],"_links":{"self":[{"href":"https:\/\/elinformanteperu.com\/index.php\/wp-json\/wp\/v2\/posts\/45256","targetHints":{"allow":["GET"]}}],"collection":[{"href":"https:\/\/elinformanteperu.com\/index.php\/wp-json\/wp\/v2\/posts"}],"about":[{"href":"https:\/\/elinformanteperu.com\/index.php\/wp-json\/wp\/v2\/types\/post"}],"author":[{"embeddable":true,"href":"https:\/\/elinformanteperu.com\/index.php\/wp-json\/wp\/v2\/users\/1"}],"replies":[{"embeddable":true,"href":"https:\/\/elinformanteperu.com\/index.php\/wp-json\/wp\/v2\/comments?post=45256"}],"version-history":[{"count":1,"href":"https:\/\/elinformanteperu.com\/index.php\/wp-json\/wp\/v2\/posts\/45256\/revisions"}],"predecessor-version":[{"id":45259,"href":"https:\/\/elinformanteperu.com\/index.php\/wp-json\/wp\/v2\/posts\/45256\/revisions\/45259"}],"wp:featuredmedia":[{"embeddable":true,"href":"https:\/\/elinformanteperu.com\/index.php\/wp-json\/wp\/v2\/media\/45258"}],"wp:attachment":[{"href":"https:\/\/elinformanteperu.com\/index.php\/wp-json\/wp\/v2\/media?parent=45256"}],"wp:term":[{"taxonomy":"category","embeddable":true,"href":"https:\/\/elinformanteperu.com\/index.php\/wp-json\/wp\/v2\/categories?post=45256"},{"taxonomy":"post_tag","embeddable":true,"href":"https:\/\/elinformanteperu.com\/index.php\/wp-json\/wp\/v2\/tags?post=45256"}],"curies":[{"name":"wp","href":"https:\/\/api.w.org\/{rel}","templated":true}]}}