{"id":45245,"date":"2019-03-06T06:32:41","date_gmt":"2019-03-06T11:32:41","guid":{"rendered":"http:\/\/elinformanteperu.com\/?p=45245"},"modified":"2019-03-06T06:32:41","modified_gmt":"2019-03-06T11:32:41","slug":"minsa-vacunara-este-ano-a-260000-ninas-contra-virus-del-papiloma-humano","status":"publish","type":"post","link":"https:\/\/elinformanteperu.com\/index.php\/2019\/03\/06\/minsa-vacunara-este-ano-a-260000-ninas-contra-virus-del-papiloma-humano\/","title":{"rendered":"Minsa vacunar\u00e1 este a\u00f1o a 260,000 ni\u00f1as contra virus del papiloma humano"},"content":{"rendered":"<p><strong><span style=\"color: #000000;\">El Ministerio de Salud (Minsa) vacunar\u00e1 este a\u00f1o a 260,000 ni\u00f1as de 9 a\u00f1os de edad, que cursan el quinto grado de primaria, contra el virus del papiloma humano (VPH).<\/span><\/strong><\/p>\n<p><span style=\"color: #000000;\"><strong>Lima, 05 de Marzo 2019, (ANDINA).-<\/strong> El Ministerio de Salud (Minsa) vacunar\u00e1 este a\u00f1o a 260,000 ni\u00f1as de 9 a\u00f1os de edad, que cursan el quinto grado de primaria, contra el virus del papiloma humano (VPH), a fin de prevenir el c\u00e1ncer de cuello uterino en dicha poblaci\u00f3n escolar.<\/span><\/p>\n<p><span style=\"color: #000000;\">As\u00ed lo manifest\u00f3 Mar\u00eda Elena Mart\u00ednez, directora ejecutiva de la Direcci\u00f3n de Inmunizaciones del Minsa, quien destac\u00f3 que esta cifra es superior a las 198,000 menores inoculadas durante el 2018 en los colegios p\u00fablicos y privados de todo el Per\u00fa.<\/span><\/p>\n<p><span style=\"color: #000000;\">Fue durante la capacitaci\u00f3n a enfermeras de Lima y Callao, quienes ser\u00e1n las responsables de llevar adelante dicha labor en coordinaci\u00f3n con el Ministerio de Educaci\u00f3n (Minedu).<\/span><\/p>\n<p><span style=\"color: #000000;\">\u201cEl Minedu nos facilitar\u00e1 el padr\u00f3n nominal de las ni\u00f1as, el cual se entregar\u00e1 a las enfermeras para que vayan directamente al colegio y as\u00ed el trabajo sea m\u00e1s f\u00e1cil y no se compliquen los actores locales, que en este caso son los establecimientos de salud\u201d, se\u00f1al\u00f3.<\/span><\/p>\n<p><span style=\"color: #000000;\">Indic\u00f3 tambi\u00e9n que habr\u00e1 un trabajo de sensibilizaci\u00f3n de las menores, padres y docentes cuando se inicien las clases escolares, quienes ser\u00e1n parte de una campa\u00f1a de vacunaci\u00f3n en abril.<\/span><\/p>\n<p><strong><span style=\"color: #000000;\">Capacitaciones nacionales<\/span><\/strong><\/p>\n<p><span style=\"color: #000000;\">Mart\u00ednez explic\u00f3 que la capacitaci\u00f3n desarrollada por el Minsa busca dar a conocer la hoja de ruta de inmunizaciones del 2019, que incluye las acciones que se emprender\u00e1n a escala nacional.<\/span><\/p>\n<p><span style=\"color: #000000;\">Es importante indicar que el Esquema Nacional de Vacunaci\u00f3n incluye 17 vacunas que protegen contra m\u00e1s de 26 enfermedades inmunoprevenibles.<\/span><\/p>\n<p><span style=\"color: #000000;\">\u201cNecesitamos preparar al recurso humano, porque hemos introducido dos vacunas en el Esquema Nacional de Vacunaci\u00f3n: neumococo para el adulto mayor y la dTp acelular para gestantes, debido a que los casos de pertusis han aumentado. Necesitamos entregarles a todas las herramientas que requieren para trabajar en campo\u201d, manifest\u00f3 la especialista.<\/span><\/p>\n<p><span style=\"color: #000000;\">Detall\u00f3 que se ha planificado la preparaci\u00f3n de talleres macrorregionales similares en marzo.<\/span><\/p>\n<p><span style=\"color: #000000;\">\u201cComenzaremos del 10 al 13 de marzo en Huacho, con el objetivo de fortalecer al equipo de salud, adonde atraeremos a toda la gente de oriente. El otro taller ser\u00e1 del 17 al 20 de marzo en Ica y del 24 al 26 de marzo en Lambayeque\u201d.<\/span><\/p>\n<p><span style=\"color: #000000;\">De esta manera, en marzo se cerrar\u00e1n todas las capacitaciones para lograr una cobertura \u00f3ptima.<\/span><\/p>\n<p><strong><span style=\"color: #000000;\">Seguras y gratuitas<\/span><\/strong><\/p>\n<p><span style=\"color: #000000;\">La experta anunci\u00f3 que a fines de abril se llevar\u00e1 a cabo la Semana de Vacunaci\u00f3n de las Am\u00e9ricas, durante la cual se inmunizar\u00e1 a 8,731 ni\u00f1os, aplicando m\u00e1s de 23,000 dosis.<\/span><\/p>\n<p><span style=\"color: #000000;\">\u201cEn mayo comenzar\u00e1 una gran campa\u00f1a de inmunizaci\u00f3n contra la influenza y el neumococo por el friaje y las heladas. Y en junio tendremos el barrido nacional de vacunaci\u00f3n, con el que llegaremos a m\u00e1s de cinco millones de ni\u00f1os con la vacuna de sarampi\u00f3n, papera, rubeola y poliomielitis\u201d.<\/span><\/p>\n<p><span style=\"color: #000000;\">Explic\u00f3 que el barrido tiene el prop\u00f3sito de inmunizar a todos los ni\u00f1os y ni\u00f1as menores de 11 a\u00f1os de edad, independientemente de su estado vacunal.<\/span><\/p>\n<p><span style=\"color: #000000;\">Refiri\u00f3 que el trabajo de capacitaci\u00f3n hecho por la Direcci\u00f3n General de Intervenciones Estrat\u00e9gicas en Salud P\u00fablica se da en el marco de la mejora de la atenci\u00f3n promovida por la ministra de Salud, Zulema Tom\u00e1s Gonzales.<\/span><\/p>\n<p><span style=\"color: #000000;\">\u201cEs importante no olvidar que las vacunas cubren todo el curso de vida, desde la gestante, el reci\u00e9n nacido hasta el adulto mayor, son de calidad y cuentan con una excelente cadena de fr\u00edo. Son gratuitas y sobre todo salvan vidas\u201d, concluy\u00f3.<\/span><\/p>\n","protected":false},"excerpt":{"rendered":"<p>El Ministerio de Salud (Minsa) vacunar\u00e1 este a\u00f1o a 260,000 ni\u00f1as de 9 a\u00f1os de edad, que cursan el quinto grado de primaria, contra el virus del papiloma humano (VPH). Lima, 05 de Marzo 2019, (ANDINA).- El Ministerio de Salud (Minsa) vacunar\u00e1 este a\u00f1o a 260,000 ni\u00f1as de 9 a\u00f1os de edad, que cursan el [&hellip;]<\/p>\n","protected":false},"author":1,"featured_media":31109,"comment_status":"open","ping_status":"open","sticky":false,"template":"","format":"standard","meta":{"rop_custom_images_group":[],"rop_custom_messages_group":[],"rop_publish_now":"initial","rop_publish_now_accounts":[],"rop_publish_now_history":[],"rop_publish_now_status":"pending","footnotes":""},"categories":[10],"tags":[1049,1668,328,388,431],"class_list":["post-45245","post","type-post","status-publish","format-standard","has-post-thumbnail","hentry","category-actualidad-municipal","tag-colegios","tag-minedu","tag-ministerio-de-de-educacion","tag-ministerio-de-salud","tag-minsa"],"_links":{"self":[{"href":"https:\/\/elinformanteperu.com\/index.php\/wp-json\/wp\/v2\/posts\/45245","targetHints":{"allow":["GET"]}}],"collection":[{"href":"https:\/\/elinformanteperu.com\/index.php\/wp-json\/wp\/v2\/posts"}],"about":[{"href":"https:\/\/elinformanteperu.com\/index.php\/wp-json\/wp\/v2\/types\/post"}],"author":[{"embeddable":true,"href":"https:\/\/elinformanteperu.com\/index.php\/wp-json\/wp\/v2\/users\/1"}],"replies":[{"embeddable":true,"href":"https:\/\/elinformanteperu.com\/index.php\/wp-json\/wp\/v2\/comments?post=45245"}],"version-history":[{"count":1,"href":"https:\/\/elinformanteperu.com\/index.php\/wp-json\/wp\/v2\/posts\/45245\/revisions"}],"predecessor-version":[{"id":45247,"href":"https:\/\/elinformanteperu.com\/index.php\/wp-json\/wp\/v2\/posts\/45245\/revisions\/45247"}],"wp:featuredmedia":[{"embeddable":true,"href":"https:\/\/elinformanteperu.com\/index.php\/wp-json\/wp\/v2\/media\/31109"}],"wp:attachment":[{"href":"https:\/\/elinformanteperu.com\/index.php\/wp-json\/wp\/v2\/media?parent=45245"}],"wp:term":[{"taxonomy":"category","embeddable":true,"href":"https:\/\/elinformanteperu.com\/index.php\/wp-json\/wp\/v2\/categories?post=45245"},{"taxonomy":"post_tag","embeddable":true,"href":"https:\/\/elinformanteperu.com\/index.php\/wp-json\/wp\/v2\/tags?post=45245"}],"curies":[{"name":"wp","href":"https:\/\/api.w.org\/{rel}","templated":true}]}}