{"id":45235,"date":"2019-03-06T06:25:00","date_gmt":"2019-03-06T11:25:00","guid":{"rendered":"http:\/\/elinformanteperu.com\/?p=45235"},"modified":"2019-03-06T06:25:00","modified_gmt":"2019-03-06T11:25:00","slug":"9500-casos-de-bullying-reporto-siseve-plataforma-contra-la-violencia-escolar","status":"publish","type":"post","link":"https:\/\/elinformanteperu.com\/index.php\/2019\/03\/06\/9500-casos-de-bullying-reporto-siseve-plataforma-contra-la-violencia-escolar\/","title":{"rendered":"9,500 casos de \u00abbullying\u00bb report\u00f3 Siseve, plataforma contra la violencia escolar"},"content":{"rendered":"<p><strong><span style=\"color: #000000;\">Un total de 9,500 casos de \u00abbullying\u00bb report\u00f3 durante el 2018 la plataforma Siseve del Ministerio de Educaci\u00f3n, que estren\u00f3 una l\u00ednea telef\u00f3nica gratuita.<\/span><\/strong><\/p>\n<p><span style=\"color: #000000;\"><strong>Lima, 05 de Marzo 2019, (ANDINA).-<\/strong> Un total de 9,500 casos de \u00abbullying\u00bb report\u00f3 durante el 2018 la plataforma Siseve del Ministerio de Educaci\u00f3n, que estren\u00f3 una l\u00ednea telef\u00f3nica gratuita para la atenci\u00f3n de casos de violencia escolar y \u00abbullying\u00bb.<\/span><\/p>\n<p><span style=\"color: #000000;\">Siseve.pe funciona desde el 2013 y ha sido potenciada con el paso de los a\u00f1os. Hoy da a conocer su l\u00ednea 0800-76888, que permitir\u00e1 al usuario (escolar) dar cuenta de su caso sin necesidad de tener acceso a internet. Funcionar\u00e1 en castellano y quechua, de las 08:00 a las 20:00 horas.<\/span><\/p>\n<p><span style=\"color: #000000;\">Al presentar la l\u00ednea telef\u00f3nica, el ministro de Educaci\u00f3n, Daniel Alfaro, explic\u00f3 que los casos reportados el 2018 representan el 70 % m\u00e1s de lo denunciado en el 2017. \u00abEsto significa que cada vez visibilizamos m\u00e1s estos casos, pero tambi\u00e9n contamos con ni\u00f1os y adolescentes valientes que se levantan y denuncian\u00bb.<\/span><\/p>\n<p><span style=\"color: #000000;\">Detall\u00f3 que cuando ocurre un caso de violencia escolar entre pares (estudiantes), este pasa a la UGEL respectiva, la cual env\u00eda un psic\u00f3logo que plantear\u00e1 una estrategia con el director, docentes y padres de familia de la v\u00edctima y del victimario.<\/span><\/p>\n<p><span style=\"color: #000000;\">\u00abSi logramos que la violencia se vuelva pac\u00edfica en esa edad, vamos a contrarrestar muchos problemas que ahora tenemos en la sociedad\u00bb, refiri\u00f3.<\/span><\/p>\n<p><span style=\"color: #000000;\">En tanto, si la violencia es de un adulto a un menor se recoger\u00e1 la evidencia para separar preventivamente al acosador y someterlo a un proceso administrativo disciplinario que puede llegar hasta la destituci\u00f3n.<\/span><\/p>\n<p><span style=\"color: #000000;\">\u00abCon la l\u00ednea telef\u00f3nica de Siseve seguimos dando pasos firmes para asegurar que el bienestar prime en los colegios, erradicando todo tipo de violencia escolar\u00bb, concluy\u00f3 el titular de Educaci\u00f3n.<\/span><\/p>\n","protected":false},"excerpt":{"rendered":"<p>Un total de 9,500 casos de \u00abbullying\u00bb report\u00f3 durante el 2018 la plataforma Siseve del Ministerio de Educaci\u00f3n, que estren\u00f3 una l\u00ednea telef\u00f3nica gratuita. Lima, 05 de Marzo 2019, (ANDINA).- Un total de 9,500 casos de \u00abbullying\u00bb report\u00f3 durante el 2018 la plataforma Siseve del Ministerio de Educaci\u00f3n, que estren\u00f3 una l\u00ednea telef\u00f3nica gratuita para [&hellip;]<\/p>\n","protected":false},"author":1,"featured_media":45237,"comment_status":"open","ping_status":"open","sticky":false,"template":"","format":"standard","meta":{"rop_custom_images_group":[],"rop_custom_messages_group":[],"rop_publish_now":"initial","rop_publish_now_accounts":[],"rop_publish_now_history":[],"rop_publish_now_status":"pending","footnotes":""},"categories":[10],"tags":[3892,1668,328],"class_list":["post-45235","post","type-post","status-publish","format-standard","has-post-thumbnail","hentry","category-actualidad-municipal","tag-bullying","tag-minedu","tag-ministerio-de-de-educacion"],"_links":{"self":[{"href":"https:\/\/elinformanteperu.com\/index.php\/wp-json\/wp\/v2\/posts\/45235","targetHints":{"allow":["GET"]}}],"collection":[{"href":"https:\/\/elinformanteperu.com\/index.php\/wp-json\/wp\/v2\/posts"}],"about":[{"href":"https:\/\/elinformanteperu.com\/index.php\/wp-json\/wp\/v2\/types\/post"}],"author":[{"embeddable":true,"href":"https:\/\/elinformanteperu.com\/index.php\/wp-json\/wp\/v2\/users\/1"}],"replies":[{"embeddable":true,"href":"https:\/\/elinformanteperu.com\/index.php\/wp-json\/wp\/v2\/comments?post=45235"}],"version-history":[{"count":1,"href":"https:\/\/elinformanteperu.com\/index.php\/wp-json\/wp\/v2\/posts\/45235\/revisions"}],"predecessor-version":[{"id":45238,"href":"https:\/\/elinformanteperu.com\/index.php\/wp-json\/wp\/v2\/posts\/45235\/revisions\/45238"}],"wp:featuredmedia":[{"embeddable":true,"href":"https:\/\/elinformanteperu.com\/index.php\/wp-json\/wp\/v2\/media\/45237"}],"wp:attachment":[{"href":"https:\/\/elinformanteperu.com\/index.php\/wp-json\/wp\/v2\/media?parent=45235"}],"wp:term":[{"taxonomy":"category","embeddable":true,"href":"https:\/\/elinformanteperu.com\/index.php\/wp-json\/wp\/v2\/categories?post=45235"},{"taxonomy":"post_tag","embeddable":true,"href":"https:\/\/elinformanteperu.com\/index.php\/wp-json\/wp\/v2\/tags?post=45235"}],"curies":[{"name":"wp","href":"https:\/\/api.w.org\/{rel}","templated":true}]}}