{"id":45231,"date":"2019-03-06T06:22:33","date_gmt":"2019-03-06T11:22:33","guid":{"rendered":"http:\/\/elinformanteperu.com\/?p=45231"},"modified":"2019-03-06T06:22:33","modified_gmt":"2019-03-06T11:22:33","slug":"san-borja-brindara-servicio-de-transporte-publico-seguro-y-gratuito","status":"publish","type":"post","link":"https:\/\/elinformanteperu.com\/index.php\/2019\/03\/06\/san-borja-brindara-servicio-de-transporte-publico-seguro-y-gratuito\/","title":{"rendered":"San Borja brindar\u00e1 servicio de transporte p\u00fablico seguro y gratuito"},"content":{"rendered":"<p><strong><span style=\"color: #000000;\">La municipalidad de San Borja pondr\u00e1 en marcha un nuevo servicio de movilidad p\u00fablica segura y gratuita que busca facilitar el traslado de pasajeros en las horas de mayor congesti\u00f3n vehicular.<\/span><\/strong><\/p>\n<p><span style=\"color: #000000;\"><strong>Lima, 05 de Marzo 2019, (ANDINA).-<\/strong> La municipalidad de San Borja pondr\u00e1 en marcha un nuevo servicio de movilidad p\u00fablica segura y gratuita que busca facilitar el traslado de pasajeros en las horas de mayor congesti\u00f3n vehicular en las calles del distrito, beneficiando a sus vecinos y visitantes, inform\u00f3 la comuna edil.<\/span><\/p>\n<p><span style=\"color: #000000;\">Voceros de la comuna indicaron que este servicio, que se iniciar\u00e1 a las 07.00 horas del mi\u00e9rcoles 6 de marzo en el cruce de las avenidas Buenavista y Bielovucic Cavalier, marca el principio de un plan de transporte multimodal en el distrito.<\/span><\/p>\n<p><span style=\"color: #000000;\">Indic\u00f3 que en los pr\u00f3ximos meses se a\u00f1adir\u00e1n nuevas alternativas de movilidad sostenible, para hacerle frente a la informalidad, coadyuvando con el orden y la seguridad en el distrito.<\/span><\/p>\n<p><span style=\"color: #000000;\">Tres veh\u00edculos -incluido uno el\u00e9ctrico y no contaminante- formar\u00e1n parte de este novedoso servicio, que recorrer\u00e1 distintas rutas a lo largo de casi 12 kil\u00f3metros, por las calles internas de San Borja, las mismas que detallamos a continuaci\u00f3n:<\/span><\/p>\n<p><span style=\"color: #000000;\"><strong>\u2022Ruta 1:<\/strong> Auxiliar Panamericana Sur (calle Canarias) \/ Avenida Primavera \/ Avenida Buenavista \/ Avenida Cavalier \/ Avenida San Borja Sur \/ Centro Comercial Ebony<\/span><\/p>\n<p><span style=\"color: #000000;\"><strong>\u2022Ruta 2:<\/strong> Avenida San Borja Sur (cruce con Aviaci\u00f3n) \/ Centro Comercial Ebony<\/span><\/p>\n<p><span style=\"color: #000000;\">El servicio se desarrollar\u00e1 de lunes a viernes, entre las 07.00 y las 23.00 horas (Ruta 1); y de lunes a viernes entre las 07.30 y las 21.00 horas (Ruta 2).<\/span><\/p>\n<p><span style=\"color: #000000;\">Como parte del inicio del plan de transporte multimodal, la municipalidad de San Borja suscribi\u00f3 un convenio con la empresa BYD Motors Per\u00fa S.A.C., para que este servicio de movilidad p\u00fablica segura cuente con un bus ecol\u00f3gico, el mismo que funciona con electricidad.<\/span><\/p>\n","protected":false},"excerpt":{"rendered":"<p>La municipalidad de San Borja pondr\u00e1 en marcha un nuevo servicio de movilidad p\u00fablica segura y gratuita que busca facilitar el traslado de pasajeros en las horas de mayor congesti\u00f3n vehicular. Lima, 05 de Marzo 2019, (ANDINA).- La municipalidad de San Borja pondr\u00e1 en marcha un nuevo servicio de movilidad p\u00fablica segura y gratuita que [&hellip;]<\/p>\n","protected":false},"author":1,"featured_media":45233,"comment_status":"open","ping_status":"open","sticky":false,"template":"","format":"standard","meta":{"rop_custom_images_group":[],"rop_custom_messages_group":[],"rop_publish_now":"initial","rop_publish_now_accounts":[],"rop_publish_now_history":[],"rop_publish_now_status":"pending","footnotes":""},"categories":[10],"tags":[1549,4109],"class_list":["post-45231","post","type-post","status-publish","format-standard","has-post-thumbnail","hentry","category-actualidad-municipal","tag-municipalidad-de-san-borja","tag-san-borja"],"_links":{"self":[{"href":"https:\/\/elinformanteperu.com\/index.php\/wp-json\/wp\/v2\/posts\/45231","targetHints":{"allow":["GET"]}}],"collection":[{"href":"https:\/\/elinformanteperu.com\/index.php\/wp-json\/wp\/v2\/posts"}],"about":[{"href":"https:\/\/elinformanteperu.com\/index.php\/wp-json\/wp\/v2\/types\/post"}],"author":[{"embeddable":true,"href":"https:\/\/elinformanteperu.com\/index.php\/wp-json\/wp\/v2\/users\/1"}],"replies":[{"embeddable":true,"href":"https:\/\/elinformanteperu.com\/index.php\/wp-json\/wp\/v2\/comments?post=45231"}],"version-history":[{"count":1,"href":"https:\/\/elinformanteperu.com\/index.php\/wp-json\/wp\/v2\/posts\/45231\/revisions"}],"predecessor-version":[{"id":45234,"href":"https:\/\/elinformanteperu.com\/index.php\/wp-json\/wp\/v2\/posts\/45231\/revisions\/45234"}],"wp:featuredmedia":[{"embeddable":true,"href":"https:\/\/elinformanteperu.com\/index.php\/wp-json\/wp\/v2\/media\/45233"}],"wp:attachment":[{"href":"https:\/\/elinformanteperu.com\/index.php\/wp-json\/wp\/v2\/media?parent=45231"}],"wp:term":[{"taxonomy":"category","embeddable":true,"href":"https:\/\/elinformanteperu.com\/index.php\/wp-json\/wp\/v2\/categories?post=45231"},{"taxonomy":"post_tag","embeddable":true,"href":"https:\/\/elinformanteperu.com\/index.php\/wp-json\/wp\/v2\/tags?post=45231"}],"curies":[{"name":"wp","href":"https:\/\/api.w.org\/{rel}","templated":true}]}}