{"id":45221,"date":"2019-03-06T00:04:46","date_gmt":"2019-03-06T05:04:46","guid":{"rendered":"http:\/\/elinformanteperu.com\/?p=45221"},"modified":"2019-03-06T00:04:46","modified_gmt":"2019-03-06T05:04:46","slug":"minagri-adopta-medidas-para-mitigar-impacto-por-crecida-del-rio-tumbes","status":"publish","type":"post","link":"https:\/\/elinformanteperu.com\/index.php\/2019\/03\/06\/minagri-adopta-medidas-para-mitigar-impacto-por-crecida-del-rio-tumbes\/","title":{"rendered":"Minagri adopta medidas para mitigar impacto por crecida del r\u00edo Tumbes"},"content":{"rendered":"<p><strong><span style=\"color: #000000;\">Ante la crecida del caudal del r\u00edo Tumbes, el ministro de Agricultura, Gustavo Mostajo, lleg\u00f3 a esta regi\u00f3n para evaluar la situaci\u00f3n y realizar las coordinaciones.<\/span><\/strong><\/p>\n<p><span style=\"color: #000000;\"><strong>Tumbes, 05 de Marzo 2019, (ANDINA).-<\/strong> Ante la crecida del caudal del r\u00edo Tumbes, el ministro de Agricultura, Gustavo Mostajo, lleg\u00f3 a esta regi\u00f3n para evaluar la situaci\u00f3n y coordinar con el gobierno regional, alcaldes distritales y provinciales y funcionarios del Instituto Nacional de Defensa Civil (Indeci).<\/span><\/p>\n<p><span style=\"color: #000000;\">Mostajo sobrevol\u00f3 en un helic\u00f3ptero del Ej\u00e9rcito las zonas que afectadas por la crecida del r\u00edo Tumbes. En su recorrido lleg\u00f3 hasta la Isla Palmar, Centro Poblado de Pampa Grande, La Noria, Cristales, Garbanzal, San Jacinto, Pampa del Hospital, y los centros poblados Oidor, Vaquer\u00eda y estaci\u00f3n El Tigre.<\/span><\/p>\n<p><span style=\"color: #000000;\">Lo acompa\u00f1aron el gobernador regional, Wilmer Dios; el director de la Autoridad de la Reconstrucci\u00f3n con Cambios, Edgar Quispe; el jefe del Indeci, Jorge Ch\u00e1vez,as\u00ed como el jefe del Programa Subsectorial de Irrigaciones, Hubert Valdivia.<\/span><\/p>\n<p><span style=\"color: #000000;\">Luego el ministro se traslad\u00f3 hasta el Centro de Operaciones de Emergencia Regional (COER) para participar con los funcionarios de diversos sectores del Estado de la evaluaci\u00f3n de los da\u00f1os ocasionados por la crecida de r\u00edo Tumbes y adoptar las medidas de mitigaci\u00f3n.<\/span><\/p>\n<p><span style=\"color: #000000;\">En conferencia, Mostajo se\u00f1al\u00f3 que conforme a las disposiciones emitidas por el Ejecutivo su despacho est\u00e1 encargado de vigilar la situaci\u00f3n de la presencia de lluvias en Arequipa y Tumbes, \u201cpor eso estamos coordinando aqu\u00ed las acciones de intervenci\u00f3n con el gobernador, alcaldes y funcionarios de los dem\u00e1s ministerios\u201d.<\/span><\/p>\n<p><span style=\"color: #000000;\">Precis\u00f3 que al tener conocimiento de que el caudal del r\u00edo Tumbes hab\u00eda llegado a los 1,7 metros c\u00fabicos por segundo, se activ\u00f3 la alerta roja.<\/span><\/p>\n<p><span style=\"color: #000000;\">Sin embargo, revel\u00f3 que con el transcurrir de las horas y de acuerdo a informes del Servicio Nacional de Meteorolog\u00eda e Hidrolog\u00eda (Senamhi) no se repetir\u00e1n en los pr\u00f3ximos d\u00edas nuevas lluvias torrenciales.<\/span><\/p>\n<p><span style=\"color: #000000;\">Mostajo revel\u00f3 que tras la reuni\u00f3n del COER se logr\u00f3 obtener un reporte preliminar que daba cuenta de que no hab\u00eda fallecidos ni v\u00edctimas por acci\u00f3n de las lluvias y el incremento del caudal; no obstante, fueron afectadas 946 hect\u00e1reas de cultivos y hay 1,021 productores perjudicados. <\/span><\/p>\n<p><span style=\"color: #000000;\">El ministro se\u00f1al\u00f3 que las autoridades, conforme a la Ley de Presupuesto de la Rep\u00fablica y en situaciones de declaratoria de emergencia, pueden disponer del 10% de sus recursos para afrontar los embates de los fen\u00f3menos clim\u00e1ticos.<\/span><\/p>\n<p><span style=\"color: #000000;\">En ese sentido, Mostajo inform\u00f3 que el Ejecutivo expidi\u00f3 hoy el Decreto de Urgencia 001-2019 que autoriza la asignaci\u00f3n de 63 millones de soles a los gobiernos locales a nivel nacional, a fin de que puedan mitigar el impacto generado por los fen\u00f3menos naturales en sus localidades y as\u00ed atender de inmediato la emergencia.<\/span><\/p>\n","protected":false},"excerpt":{"rendered":"<p>Ante la crecida del caudal del r\u00edo Tumbes, el ministro de Agricultura, Gustavo Mostajo, lleg\u00f3 a esta regi\u00f3n para evaluar la situaci\u00f3n y realizar las coordinaciones. Tumbes, 05 de Marzo 2019, (ANDINA).- Ante la crecida del caudal del r\u00edo Tumbes, el ministro de Agricultura, Gustavo Mostajo, lleg\u00f3 a esta regi\u00f3n para evaluar la situaci\u00f3n y [&hellip;]<\/p>\n","protected":false},"author":1,"featured_media":45225,"comment_status":"open","ping_status":"open","sticky":false,"template":"","format":"standard","meta":{"rop_custom_images_group":[],"rop_custom_messages_group":[],"rop_publish_now":"initial","rop_publish_now_accounts":[],"rop_publish_now_history":[],"rop_publish_now_status":"pending","footnotes":""},"categories":[10],"tags":[1057,3415,364,363,1007],"class_list":["post-45221","post","type-post","status-publish","format-standard","has-post-thumbnail","hentry","category-actualidad-municipal","tag-coer","tag-gustavo-mostajo","tag-minagri","tag-ministerio-de-agricultura","tag-tumbes"],"_links":{"self":[{"href":"https:\/\/elinformanteperu.com\/index.php\/wp-json\/wp\/v2\/posts\/45221","targetHints":{"allow":["GET"]}}],"collection":[{"href":"https:\/\/elinformanteperu.com\/index.php\/wp-json\/wp\/v2\/posts"}],"about":[{"href":"https:\/\/elinformanteperu.com\/index.php\/wp-json\/wp\/v2\/types\/post"}],"author":[{"embeddable":true,"href":"https:\/\/elinformanteperu.com\/index.php\/wp-json\/wp\/v2\/users\/1"}],"replies":[{"embeddable":true,"href":"https:\/\/elinformanteperu.com\/index.php\/wp-json\/wp\/v2\/comments?post=45221"}],"version-history":[{"count":1,"href":"https:\/\/elinformanteperu.com\/index.php\/wp-json\/wp\/v2\/posts\/45221\/revisions"}],"predecessor-version":[{"id":45226,"href":"https:\/\/elinformanteperu.com\/index.php\/wp-json\/wp\/v2\/posts\/45221\/revisions\/45226"}],"wp:featuredmedia":[{"embeddable":true,"href":"https:\/\/elinformanteperu.com\/index.php\/wp-json\/wp\/v2\/media\/45225"}],"wp:attachment":[{"href":"https:\/\/elinformanteperu.com\/index.php\/wp-json\/wp\/v2\/media?parent=45221"}],"wp:term":[{"taxonomy":"category","embeddable":true,"href":"https:\/\/elinformanteperu.com\/index.php\/wp-json\/wp\/v2\/categories?post=45221"},{"taxonomy":"post_tag","embeddable":true,"href":"https:\/\/elinformanteperu.com\/index.php\/wp-json\/wp\/v2\/tags?post=45221"}],"curies":[{"name":"wp","href":"https:\/\/api.w.org\/{rel}","templated":true}]}}