{"id":45217,"date":"2019-03-05T23:40:02","date_gmt":"2019-03-06T04:40:02","guid":{"rendered":"http:\/\/elinformanteperu.com\/?p=45217"},"modified":"2019-03-05T23:40:02","modified_gmt":"2019-03-06T04:40:02","slug":"cuatro-muertos-y-ocho-heridos-dejan-dos-accidentes-en-vias-de-cusco","status":"publish","type":"post","link":"https:\/\/elinformanteperu.com\/index.php\/2019\/03\/05\/cuatro-muertos-y-ocho-heridos-dejan-dos-accidentes-en-vias-de-cusco\/","title":{"rendered":"Cuatro muertos y ocho heridos dejan dos accidentes en v\u00edas de Cusco"},"content":{"rendered":"<p><strong><span style=\"color: #000000;\">Cuatro personas perdieron la vida y otras ocho resultaron heridas en dos accidentes ocurridos en las v\u00edas de la regi\u00f3n Cusco, inform\u00f3 la Polic\u00eda de Carreteras (Polcar)<\/span><\/strong><\/p>\n<p><span style=\"color: #000000;\"><strong>Cusco, 05 de Marzo 2019, (ANDINA).-<\/strong> Cuatro personas perdieron la vida y otras ocho resultaron heridas en dos accidentes ocurridos en las v\u00edas de la regi\u00f3n Cusco, inform\u00f3 la Polic\u00eda de Carreteras (Polcar).<\/span><\/p>\n<p><span style=\"color: #000000;\">El despiste y vuelco de un autom\u00f3vil que se desplazaba esta tarde desde la ciudad de Juliaca, en Puno, hacia Cusco, dej\u00f3 dos personas muertas y tres heridas.<\/span><\/p>\n<p><span style=\"color: #000000;\">La tragedia ocurri\u00f3 alrededor de las 13:20 horas en el kil\u00f3metro 1,046 de la v\u00eda Puno-Cusco, en el sector Ccolca, jurisdicci\u00f3n del distrito de Quiquijana, provincia cusque\u00f1a de Quispicanchi.<\/span><\/p>\n<p><span style=\"color: #000000;\">El veh\u00edculo de placa de rodaje Z4D-186, conducido por Josseph Paul Chata Coari (37), qued\u00f3 destrozado a un costado de la v\u00eda.<\/span><\/p>\n<p><span style=\"color: #000000;\">Muri\u00f3 de manera instant\u00e1nea el chofer al igual que el copiloto Wenceslao Farf\u00e1n Huanca (30). Sus cad\u00e1veres fueron hallados en la cuneta.<\/span><\/p>\n<p><span style=\"color: #000000;\">Los heridos, trasladados a una cl\u00ednica del Cusco, fueron identificados como Santiago Payt\u00e1n Sandoval (42), natural de Ayacucho; Walter Tesillo Paccoricoma (62) y Bryan Laura Arce (25), ambos de Puno.<\/span><\/p>\n<p><strong><span style=\"color: #000000;\">Miembros de una familia<\/span><\/strong><\/p>\n<p><span style=\"color: #000000;\">En tanto, dos hermanos fallecidos y cinco heridos de gravedad, todos miembros de una familia, dej\u00f3 anoche el choque frontal de un \u00f3mnibus de la empresa Cruz del Sur y una camioneta rural en el kil\u00f3metro 29 de la v\u00eda Espinar-Arequipa.<\/span><\/p>\n<p><span style=\"color: #000000;\">El accidente se registr\u00f3 en el sector Antapampa, conocido como la Curva del Diablo, del distrito de Pallpata, provincia cusque\u00f1a de Espinar.<\/span><\/p>\n<p><span style=\"color: #000000;\">Las v\u00edctimas fueron identificadas como Alberto Jefferson y Dar\u00e1 Condori Ch\u00e1vez de 13 y 43 a\u00f1os, respectivamente.<\/span><\/p>\n<p><span style=\"color: #000000;\">Los heridos, evacuados al hospital de Espinar, son: Juan Luis Quispe Hurtado (44), Yolanda Ch\u00e1vez de Condori (47), Pl\u00e1cido Fabi\u00e1n Condori Quispe (44), Juan Ferm\u00edn Quispe Condori (16) y Juan Manuel Quispe Condori (7)<\/span><\/p>\n<p><span style=\"color: #000000;\">La Polic\u00eda Nacional intervino al chofer del bus de placa rodaje B2H-953, Celso Wilfredo Levita Quispe (44), quien circulaba de Arequipa a Espinar; este habr\u00eda colisionado contra la camioneta que era conducida por Juan Luis Quispe Hurtado (44).<\/span><\/p>\n<p><span style=\"color: #000000;\">Los fallecidos y heridos viajaban en la camioneta rural, de matr\u00edcula X3A-426, precisaron fuentes policiales.<\/span><\/p>\n","protected":false},"excerpt":{"rendered":"<p>Cuatro personas perdieron la vida y otras ocho resultaron heridas en dos accidentes ocurridos en las v\u00edas de la regi\u00f3n Cusco, inform\u00f3 la Polic\u00eda de Carreteras (Polcar) Cusco, 05 de Marzo 2019, (ANDINA).- Cuatro personas perdieron la vida y otras ocho resultaron heridas en dos accidentes ocurridos en las v\u00edas de la regi\u00f3n Cusco, inform\u00f3 [&hellip;]<\/p>\n","protected":false},"author":1,"featured_media":45219,"comment_status":"open","ping_status":"open","sticky":false,"template":"","format":"standard","meta":{"rop_custom_images_group":[],"rop_custom_messages_group":[],"rop_publish_now":"initial","rop_publish_now_accounts":[],"rop_publish_now_history":[],"rop_publish_now_status":"pending","footnotes":""},"categories":[10],"tags":[1226],"class_list":["post-45217","post","type-post","status-publish","format-standard","has-post-thumbnail","hentry","category-actualidad-municipal","tag-cusco"],"_links":{"self":[{"href":"https:\/\/elinformanteperu.com\/index.php\/wp-json\/wp\/v2\/posts\/45217","targetHints":{"allow":["GET"]}}],"collection":[{"href":"https:\/\/elinformanteperu.com\/index.php\/wp-json\/wp\/v2\/posts"}],"about":[{"href":"https:\/\/elinformanteperu.com\/index.php\/wp-json\/wp\/v2\/types\/post"}],"author":[{"embeddable":true,"href":"https:\/\/elinformanteperu.com\/index.php\/wp-json\/wp\/v2\/users\/1"}],"replies":[{"embeddable":true,"href":"https:\/\/elinformanteperu.com\/index.php\/wp-json\/wp\/v2\/comments?post=45217"}],"version-history":[{"count":1,"href":"https:\/\/elinformanteperu.com\/index.php\/wp-json\/wp\/v2\/posts\/45217\/revisions"}],"predecessor-version":[{"id":45220,"href":"https:\/\/elinformanteperu.com\/index.php\/wp-json\/wp\/v2\/posts\/45217\/revisions\/45220"}],"wp:featuredmedia":[{"embeddable":true,"href":"https:\/\/elinformanteperu.com\/index.php\/wp-json\/wp\/v2\/media\/45219"}],"wp:attachment":[{"href":"https:\/\/elinformanteperu.com\/index.php\/wp-json\/wp\/v2\/media?parent=45217"}],"wp:term":[{"taxonomy":"category","embeddable":true,"href":"https:\/\/elinformanteperu.com\/index.php\/wp-json\/wp\/v2\/categories?post=45217"},{"taxonomy":"post_tag","embeddable":true,"href":"https:\/\/elinformanteperu.com\/index.php\/wp-json\/wp\/v2\/tags?post=45217"}],"curies":[{"name":"wp","href":"https:\/\/api.w.org\/{rel}","templated":true}]}}