{"id":45212,"date":"2019-03-05T23:01:34","date_gmt":"2019-03-06T04:01:34","guid":{"rendered":"http:\/\/elinformanteperu.com\/?p=45212"},"modified":"2019-03-06T18:23:37","modified_gmt":"2019-03-06T23:23:37","slug":"serpost-y-ministerio-de-cultura-emitiran-coleccion-de-sellos-y-matasellos-postales-por-el-bicentenario","status":"publish","type":"post","link":"https:\/\/elinformanteperu.com\/index.php\/2019\/03\/05\/serpost-y-ministerio-de-cultura-emitiran-coleccion-de-sellos-y-matasellos-postales-por-el-bicentenario\/","title":{"rendered":"Serpost y Ministerio de Cultura emitir\u00e1n colecci\u00f3n de sellos y matasellos postales por el Bicentenario"},"content":{"rendered":"<p><span style=\"color: #000000;\"><strong>Emisi\u00f3n constar\u00e1 de 12 sellos postales y 24 matasellos que conmemoran los 200 a\u00f1os de nuestra independencia. Serpost y Ministerio de Cultura emitir\u00e1n colecci\u00f3n.<\/strong><\/span><\/p>\n<p><span style=\"color: #000000;\"><strong>Lima, 05 de Marzo 2019, (El Informante Per\u00fa).-<\/strong> En el marco de las actividades por el Bicentenario de la Independencia, Servicios Postales del Per\u00fa (Serpost) y el Ministerio de Cultura anunciaron la pr\u00f3xima emisi\u00f3n de una colecci\u00f3n especial de sellos y matasellos postales en homenaje a los personajes e hitos emblem\u00e1ticos m\u00e1s destacados de la historia de nuestro pa\u00eds.<\/span><\/p>\n<p><span style=\"color: #000000;\">La colecci\u00f3n que comprende 12 sellos postales en conmemoraci\u00f3n a pr\u00f3ceres y m\u00e1rtires de la gesta por la independencia, entre los que destacan Juan Santos Atahualpa, Jos\u00e9 Gabriel Condorcanqui (T\u00fapac Amaru II), Micaela Bastidas, Mar\u00eda Parado de Bellido, Mariano Melgar Valdiviezo y Jos\u00e9 Olaya, ser\u00e1 emitida hasta el a\u00f1o 2021.<\/span><\/p>\n<p><span style=\"color: #000000;\">Asimismo, se emitir\u00e1n 24 matasellos que representan momentos claves vinculados al bicentenario de la independencia del Per\u00fa por cada regi\u00f3n del pa\u00eds. La lista comprende acontecimientos como la batalla de Ayacucho; la batalla de Jun\u00edn; el combate de Bellavista; el desembarco de San Mart\u00edn en Paracas; y la toma de Arequipa, entre otros.<\/span><\/p>\n<p><img fetchpriority=\"high\" decoding=\"async\" class=\"aligncenter size-full wp-image-45292\" src=\"http:\/\/elinformanteperu.com\/wp-content\/uploads\/2019\/03\/Mincu-Serpost1.jpg\" alt=\"\" width=\"800\" height=\"533\" srcset=\"https:\/\/elinformanteperu.com\/wp-content\/uploads\/2019\/03\/Mincu-Serpost1.jpg 800w, https:\/\/elinformanteperu.com\/wp-content\/uploads\/2019\/03\/Mincu-Serpost1-300x200.jpg 300w, https:\/\/elinformanteperu.com\/wp-content\/uploads\/2019\/03\/Mincu-Serpost1-768x512.jpg 768w, https:\/\/elinformanteperu.com\/wp-content\/uploads\/2019\/03\/Mincu-Serpost1-128x85.jpg 128w, https:\/\/elinformanteperu.com\/wp-content\/uploads\/2019\/03\/Mincu-Serpost1-32x21.jpg 32w\" sizes=\"(max-width: 800px) 100vw, 800px\" \/><\/p>\n<p><span style=\"color: #000000;\">Este anuncio fue realizado durante la ceremonia de presentaci\u00f3n de dos nuevos sellos postales en conmemoraci\u00f3n al Bicentenario de la Independencia, y a trav\u00e9s de los cuales se rinde homenaje a los Hermanos Angulo y Manco Inca, que encabezaron importantes rebeliones independentistas. Cabe se\u00f1alar, que estos dos sellos ya vienen siendo colocados en la correspondencia que es distribuida por Serpost a nivel nacional e internacional.<\/span><\/p>\n<p><span style=\"color: #000000;\">\u201cEsta serie especial presenta algunos de esos peruanos y peruanas ejemplares que cumplieron un rol fundamental en la gesta de nuestra independencia, pero tambi\u00e9n enumera, en cada una de las regiones, una fecha hist\u00f3rica, que habla de un proceso que se dio a lo largo y ancho de todo nuestro territorio, y que se fue dando de manera progresiva. El Bicentenario debe ser tambi\u00e9n la oportunidad de visibilizar a los que fueron invisibles: mujeres, ind\u00edgenas, afroperuanos. Todos ellos formaron parte de nuestra historia y hoy forman parte de esta colecci\u00f3n especial de sellos y matasellos 2019 \u2013 2021\u201d, indic\u00f3 Gabriela Perona, Directora del Proyecto Especial Bicentenario.<\/span><\/p>\n<p><span style=\"color: #000000;\">En la ceremonia, realizada en la Casa de Correos y Tel\u00e9grafos, participaron tambi\u00e9n el jefe del Gabinete de Asesores del Ministerio de Transportes y Comunicaciones, Eduardo Gonz\u00e1lez; y el presidente del Directorio de Serpost, Enrique Prado L\u00f3pez de Roma\u00f1a.<\/span><\/p>\n<p><img decoding=\"async\" class=\"aligncenter size-full wp-image-45215\" src=\"http:\/\/elinformanteperu.com\/wp-content\/uploads\/2019\/03\/postales-cultura1.jpg\" alt=\"\" width=\"801\" height=\"444\" srcset=\"https:\/\/elinformanteperu.com\/wp-content\/uploads\/2019\/03\/postales-cultura1.jpg 801w, https:\/\/elinformanteperu.com\/wp-content\/uploads\/2019\/03\/postales-cultura1-300x166.jpg 300w, https:\/\/elinformanteperu.com\/wp-content\/uploads\/2019\/03\/postales-cultura1-768x426.jpg 768w, https:\/\/elinformanteperu.com\/wp-content\/uploads\/2019\/03\/postales-cultura1-128x71.jpg 128w, https:\/\/elinformanteperu.com\/wp-content\/uploads\/2019\/03\/postales-cultura1-32x18.jpg 32w\" sizes=\"(max-width: 801px) 100vw, 801px\" \/><\/p>\n","protected":false},"excerpt":{"rendered":"<p>Emisi\u00f3n constar\u00e1 de 12 sellos postales y 24 matasellos que conmemoran los 200 a\u00f1os de nuestra independencia. Serpost y Ministerio de Cultura emitir\u00e1n colecci\u00f3n. Lima, 05 de Marzo 2019, (El Informante Per\u00fa).- En el marco de las actividades por el Bicentenario de la Independencia, Servicios Postales del Per\u00fa (Serpost) y el Ministerio de Cultura anunciaron [&hellip;]<\/p>\n","protected":false},"author":1,"featured_media":45290,"comment_status":"open","ping_status":"open","sticky":false,"template":"","format":"standard","meta":{"rop_custom_images_group":[],"rop_custom_messages_group":[],"rop_publish_now":"initial","rop_publish_now_accounts":[],"rop_publish_now_history":[],"rop_publish_now_status":"pending","footnotes":""},"categories":[10],"tags":[105,3180],"class_list":["post-45212","post","type-post","status-publish","format-standard","has-post-thumbnail","hentry","category-actualidad-municipal","tag-ministerio-de-cultura","tag-serpost"],"_links":{"self":[{"href":"https:\/\/elinformanteperu.com\/index.php\/wp-json\/wp\/v2\/posts\/45212","targetHints":{"allow":["GET"]}}],"collection":[{"href":"https:\/\/elinformanteperu.com\/index.php\/wp-json\/wp\/v2\/posts"}],"about":[{"href":"https:\/\/elinformanteperu.com\/index.php\/wp-json\/wp\/v2\/types\/post"}],"author":[{"embeddable":true,"href":"https:\/\/elinformanteperu.com\/index.php\/wp-json\/wp\/v2\/users\/1"}],"replies":[{"embeddable":true,"href":"https:\/\/elinformanteperu.com\/index.php\/wp-json\/wp\/v2\/comments?post=45212"}],"version-history":[{"count":3,"href":"https:\/\/elinformanteperu.com\/index.php\/wp-json\/wp\/v2\/posts\/45212\/revisions"}],"predecessor-version":[{"id":45293,"href":"https:\/\/elinformanteperu.com\/index.php\/wp-json\/wp\/v2\/posts\/45212\/revisions\/45293"}],"wp:featuredmedia":[{"embeddable":true,"href":"https:\/\/elinformanteperu.com\/index.php\/wp-json\/wp\/v2\/media\/45290"}],"wp:attachment":[{"href":"https:\/\/elinformanteperu.com\/index.php\/wp-json\/wp\/v2\/media?parent=45212"}],"wp:term":[{"taxonomy":"category","embeddable":true,"href":"https:\/\/elinformanteperu.com\/index.php\/wp-json\/wp\/v2\/categories?post=45212"},{"taxonomy":"post_tag","embeddable":true,"href":"https:\/\/elinformanteperu.com\/index.php\/wp-json\/wp\/v2\/tags?post=45212"}],"curies":[{"name":"wp","href":"https:\/\/api.w.org\/{rel}","templated":true}]}}