{"id":44809,"date":"2019-02-28T19:23:08","date_gmt":"2019-03-01T00:23:08","guid":{"rendered":"http:\/\/elinformanteperu.com\/?p=44809"},"modified":"2019-02-28T20:15:27","modified_gmt":"2019-03-01T01:15:27","slug":"disney-junior-celebra-el-mes-princesas-con-el-estreno-de-moana-un-mar-de-aventuras","status":"publish","type":"post","link":"https:\/\/elinformanteperu.com\/index.php\/2019\/02\/28\/disney-junior-celebra-el-mes-princesas-con-el-estreno-de-moana-un-mar-de-aventuras\/","title":{"rendered":"Disney Junior celebra el \u00abmes Princesas\u00bb con el estreno de &#8216;Moana: un mar de aventuras&#8217;"},"content":{"rendered":"<p><strong><span style=\"color: #000000;\">Los festejos de marzo tambi\u00e9n incluyen un especial de &#8216;Frozen: una aventura congelada&#8217; y las pel\u00edculas m\u00e1s queridas de las Princesas de Disney<\/span><\/strong><\/p>\n<p><span style=\"color: #000000;\"><strong>Lima, 28 de Febrero 2019, (El Informante Per\u00fa).-<\/strong> En marzo, Disney Junior celebra el Mes Princesas con historias emocionantes, protagonizadas por las Princesas favoritas de todas las generaciones. Los festejos comienzan con el estreno el s\u00e1bado 9 de &#8216;Moana: un mar de aventuras&#8217;, que estar\u00e1 acompa\u00f1ado del primer adelanto de Nivis: Amigos de Otro Mundo, la esperada nueva producci\u00f3n original de Disney Junior Latinoam\u00e9rica que llegar\u00e1 a la pantalla en 2019. Las celebraciones tambi\u00e9n incluyen un especial de &#8216;Frozen: una aventura congelada&#8217; el s\u00e1bado 16 y maratones de las mejores pel\u00edculas de Princesas a lo largo del mes.<\/span><\/p>\n<p><span style=\"color: #000000;\">El s\u00e1bado 9 a las 20:00 llega por primera vez a la pantalla de Disney Junior &#8216;Moana: un mar de aventuras&#8217;, la exitosa pel\u00edcula de 2016 de Walt Disney Animation Studios sobre las aventuras de la valiente hija del jefe de una aldea que decide ponerse a prueba y salvar a su pueblo. Cuando su isla se ve amenazada por una fuerza destructiva, Moana se lanza al mar para corregir un gran error del pasado, encontrando en su traves\u00eda las respuestas que ha estado buscando toda su vida.<\/span><\/p>\n<p><span style=\"color: #000000;\">Por otra parte, el s\u00e1bado 16 a las 10:00, las celebraciones del Mes Princesas contin\u00faan en el reino de Arendelle con la emisi\u00f3n de &#8216;Frozen: una aventura congelada&#8217;, seguida de los cortos Frozen Fever, Lego Frozen: Luces m\u00e1gicas y Olaf: Otra aventura congelada de Frozen.<\/span><\/p>\n<p><span style=\"color: #000000;\">Adem\u00e1s, todos los s\u00e1bados de marzo a las 10:00 se podr\u00e1 disfrutar de las mejores pel\u00edculas de Princesas: el s\u00e1bado 2 se emiten Aladd\u00edn, el regreso de Yafar Y Aladd\u00edn y los 40 ladrones; el s\u00e1bado 9 llegan La princesa y el sapo, La bella durmiente, Enredados y Frozen: Una aventura congelada; el s\u00e1bado 23, la cita es bajo el mar para ver La Sirenita, La Sirenita 2: Regreso al mar y La Sirenita 3: Los comienzos de Ariel; por \u00faltimo, el s\u00e1bado 30 llega Elena de Avalor: Canto de sirenas. A lo largo del mes, adem\u00e1s, los peque\u00f1os fans del canal podr\u00e1n disfrutar de nuevo episodios de la exitosa serie animada Elena de Avalor.<\/span><\/p>\n<p><img fetchpriority=\"high\" decoding=\"async\" class=\"aligncenter size-full wp-image-44812\" src=\"http:\/\/elinformanteperu.com\/wp-content\/uploads\/2019\/02\/Moana.jpg\" alt=\"\" width=\"800\" height=\"335\" srcset=\"https:\/\/elinformanteperu.com\/wp-content\/uploads\/2019\/02\/Moana.jpg 800w, https:\/\/elinformanteperu.com\/wp-content\/uploads\/2019\/02\/Moana-300x126.jpg 300w, https:\/\/elinformanteperu.com\/wp-content\/uploads\/2019\/02\/Moana-768x322.jpg 768w, https:\/\/elinformanteperu.com\/wp-content\/uploads\/2019\/02\/Moana-128x54.jpg 128w, https:\/\/elinformanteperu.com\/wp-content\/uploads\/2019\/02\/Moana-32x13.jpg 32w\" sizes=\"(max-width: 800px) 100vw, 800px\" \/><\/p>\n","protected":false},"excerpt":{"rendered":"<p>Los festejos de marzo tambi\u00e9n incluyen un especial de &#8216;Frozen: una aventura congelada&#8217; y las pel\u00edculas m\u00e1s queridas de las Princesas de Disney Lima, 28 de Febrero 2019, (El Informante Per\u00fa).- En marzo, Disney Junior celebra el Mes Princesas con historias emocionantes, protagonizadas por las Princesas favoritas de todas las generaciones. Los festejos comienzan con [&hellip;]<\/p>\n","protected":false},"author":1,"featured_media":44811,"comment_status":"open","ping_status":"open","sticky":false,"template":"","format":"standard","meta":{"rop_custom_images_group":[],"rop_custom_messages_group":[],"rop_publish_now":"initial","rop_publish_now_accounts":[],"rop_publish_now_history":[],"rop_publish_now_status":"pending","footnotes":""},"categories":[70],"tags":[543,411],"class_list":["post-44809","post","type-post","status-publish","format-standard","has-post-thumbnail","hentry","category-farandula","tag-disney","tag-disney-junior"],"_links":{"self":[{"href":"https:\/\/elinformanteperu.com\/index.php\/wp-json\/wp\/v2\/posts\/44809","targetHints":{"allow":["GET"]}}],"collection":[{"href":"https:\/\/elinformanteperu.com\/index.php\/wp-json\/wp\/v2\/posts"}],"about":[{"href":"https:\/\/elinformanteperu.com\/index.php\/wp-json\/wp\/v2\/types\/post"}],"author":[{"embeddable":true,"href":"https:\/\/elinformanteperu.com\/index.php\/wp-json\/wp\/v2\/users\/1"}],"replies":[{"embeddable":true,"href":"https:\/\/elinformanteperu.com\/index.php\/wp-json\/wp\/v2\/comments?post=44809"}],"version-history":[{"count":2,"href":"https:\/\/elinformanteperu.com\/index.php\/wp-json\/wp\/v2\/posts\/44809\/revisions"}],"predecessor-version":[{"id":44814,"href":"https:\/\/elinformanteperu.com\/index.php\/wp-json\/wp\/v2\/posts\/44809\/revisions\/44814"}],"wp:featuredmedia":[{"embeddable":true,"href":"https:\/\/elinformanteperu.com\/index.php\/wp-json\/wp\/v2\/media\/44811"}],"wp:attachment":[{"href":"https:\/\/elinformanteperu.com\/index.php\/wp-json\/wp\/v2\/media?parent=44809"}],"wp:term":[{"taxonomy":"category","embeddable":true,"href":"https:\/\/elinformanteperu.com\/index.php\/wp-json\/wp\/v2\/categories?post=44809"},{"taxonomy":"post_tag","embeddable":true,"href":"https:\/\/elinformanteperu.com\/index.php\/wp-json\/wp\/v2\/tags?post=44809"}],"curies":[{"name":"wp","href":"https:\/\/api.w.org\/{rel}","templated":true}]}}