{"id":44795,"date":"2019-02-28T07:25:16","date_gmt":"2019-02-28T12:25:16","guid":{"rendered":"http:\/\/elinformanteperu.com\/?p=44795"},"modified":"2019-02-28T07:25:16","modified_gmt":"2019-02-28T12:25:16","slug":"caso-odebrecht-allanan-otra-vivienda-de-gonzalo-monteverde-en-santa-maria","status":"publish","type":"post","link":"https:\/\/elinformanteperu.com\/index.php\/2019\/02\/28\/caso-odebrecht-allanan-otra-vivienda-de-gonzalo-monteverde-en-santa-maria\/","title":{"rendered":"Caso Odebrecht: Allanan otra vivienda de Gonzalo Monteverde en Santa Mar\u00eda"},"content":{"rendered":"<p><strong><span style=\"color: #000000;\">Fiscales del equipo especial Lava Jato, a cargo de Jos\u00e9 Domingo P\u00e9rez, allanaron otro inmueble del empresario Gonzalo Monteverde, ubicado en el balneario de Santa Mar\u00eda.<\/span><\/strong><\/p>\n<p><span style=\"color: #000000;\"><strong>Lima, 27 de Febrero 2019, (ANDINA).-<\/strong> Fiscales del equipo especial Lava Jato, a cargo de Jos\u00e9 Domingo P\u00e9rez, allanaron otro inmueble del empresario Gonzalo Monteverde, ubicado en el balneario de Santa Mar\u00eda, como parte de las investigaciones por el Caso Odebrecht.<\/span><\/p>\n<p><span style=\"color: #000000;\">La semana pasada en Curitiba, Brasil, el extesorero internacional de Odebrecht Luiz Da Rocha Soares, revel\u00f3 que las empresas de Monteverde, Construmac S.A.C. y Cementerios Centrales, fueron utilizadas para el pago de coimas en proyectos vinculados al tren el\u00e9ctrico, IIRSA Sur y Costa Verde del Callao.<\/span><\/p>\n<p><span style=\"color: #000000;\">El allanamiento se suma a los ejecutados el pasado fin de semana en otros siete inmuebles vinculados al empresario, operativos autorizados por la jueza Mar\u00eda de los \u00c1ngeles \u00c1lvarez, del Tercer Juzgado Nacional de Investigaci\u00f3n Preparatoria Especializada en Delitos de Corrupci\u00f3n de Funcionarios.<\/span><\/p>\n<p><span style=\"color: #000000;\">El \u00faltimo lunes, el Poder Judicial orden\u00f3 la detenci\u00f3n preliminar por diez d\u00edas de Monteverde y otras personas, entre ellas Mar\u00eda Isabel Carmona Bernasconi, Jorge Wilfredo Salinas Coaguila, Carlos Javier \u00c1ngeles Figueroa y Marcionila Cardoso Pardo.<\/span><\/p>\n<p><span style=\"color: #000000;\">Los dos \u00faltimos s\u00ed fueron ubicados, mientras que los dem\u00e1s, incluido Monteverde, se encuentran en condici\u00f3n de no habidos.<\/span><\/p>\n<p><span style=\"color: #000000;\">El Ministerio P\u00fablico investiga al empresario y a sus socios por los presuntos delitos de lavado de activos y asociaci\u00f3n il\u00edcita para delinquir.<\/span><\/p>\n<p><span style=\"color: #000000;\">De acuerdo a la tesis de la fiscal\u00eda, Monteverde recibi\u00f3, como apoderado general de 36 empresas, algunas de ellas de fachada, aproximadamente de US$29 millones de compa\u00f1\u00edas vinculadas a Odebrecht.<\/span><\/p>\n","protected":false},"excerpt":{"rendered":"<p>Fiscales del equipo especial Lava Jato, a cargo de Jos\u00e9 Domingo P\u00e9rez, allanaron otro inmueble del empresario Gonzalo Monteverde, ubicado en el balneario de Santa Mar\u00eda. Lima, 27 de Febrero 2019, (ANDINA).- Fiscales del equipo especial Lava Jato, a cargo de Jos\u00e9 Domingo P\u00e9rez, allanaron otro inmueble del empresario Gonzalo Monteverde, ubicado en el balneario [&hellip;]<\/p>\n","protected":false},"author":1,"featured_media":44797,"comment_status":"open","ping_status":"open","sticky":false,"template":"","format":"standard","meta":{"rop_custom_images_group":[],"rop_custom_messages_group":[],"rop_publish_now":"initial","rop_publish_now_accounts":[],"rop_publish_now_history":[],"rop_publish_now_status":"pending","footnotes":""},"categories":[5],"tags":[430,4228,619],"class_list":["post-44795","post","type-post","status-publish","format-standard","has-post-thumbnail","hentry","category-actualidad-informativa","tag-fiscalia","tag-gonzalo-monteverde","tag-odebrecht"],"_links":{"self":[{"href":"https:\/\/elinformanteperu.com\/index.php\/wp-json\/wp\/v2\/posts\/44795","targetHints":{"allow":["GET"]}}],"collection":[{"href":"https:\/\/elinformanteperu.com\/index.php\/wp-json\/wp\/v2\/posts"}],"about":[{"href":"https:\/\/elinformanteperu.com\/index.php\/wp-json\/wp\/v2\/types\/post"}],"author":[{"embeddable":true,"href":"https:\/\/elinformanteperu.com\/index.php\/wp-json\/wp\/v2\/users\/1"}],"replies":[{"embeddable":true,"href":"https:\/\/elinformanteperu.com\/index.php\/wp-json\/wp\/v2\/comments?post=44795"}],"version-history":[{"count":1,"href":"https:\/\/elinformanteperu.com\/index.php\/wp-json\/wp\/v2\/posts\/44795\/revisions"}],"predecessor-version":[{"id":44798,"href":"https:\/\/elinformanteperu.com\/index.php\/wp-json\/wp\/v2\/posts\/44795\/revisions\/44798"}],"wp:featuredmedia":[{"embeddable":true,"href":"https:\/\/elinformanteperu.com\/index.php\/wp-json\/wp\/v2\/media\/44797"}],"wp:attachment":[{"href":"https:\/\/elinformanteperu.com\/index.php\/wp-json\/wp\/v2\/media?parent=44795"}],"wp:term":[{"taxonomy":"category","embeddable":true,"href":"https:\/\/elinformanteperu.com\/index.php\/wp-json\/wp\/v2\/categories?post=44795"},{"taxonomy":"post_tag","embeddable":true,"href":"https:\/\/elinformanteperu.com\/index.php\/wp-json\/wp\/v2\/tags?post=44795"}],"curies":[{"name":"wp","href":"https:\/\/api.w.org\/{rel}","templated":true}]}}