{"id":4478,"date":"2017-01-16T00:00:18","date_gmt":"2017-01-16T05:00:18","guid":{"rendered":"http:\/\/elinformanteperu.com\/?p=4478"},"modified":"2017-01-16T00:00:18","modified_gmt":"2017-01-16T05:00:18","slug":"fiscalia-propicia-reunion-entre-procuraduria-y-odebrecht","status":"publish","type":"post","link":"https:\/\/elinformanteperu.com\/index.php\/2017\/01\/16\/fiscalia-propicia-reunion-entre-procuraduria-y-odebrecht\/","title":{"rendered":"Fiscal\u00eda propicia reuni\u00f3n entre Procuradur\u00eda y Odebrecht"},"content":{"rendered":"<p><strong>Una primera reuni\u00f3n propici\u00f3 el Ministerio P\u00fablico entre representantes de la empresa Odebrecht y la Procuradur\u00eda P\u00fablica para el inicio de las negociaciones relativas la reparaci\u00f3n civil.<\/strong><\/p>\n<p><strong>Lima, 15 Enero 2017, (ANDINA).-<\/strong> Una primera reuni\u00f3n propici\u00f3 el Ministerio P\u00fablico entre representantes de la empresa Odebrecht y la Procuradur\u00eda P\u00fablica Especializada en Delitos de Corrupci\u00f3n que se realizar\u00e1 en los pr\u00f3ximos d\u00edas para el inicio de las negociaciones relativas a la determinaci\u00f3n y condiciones del pago de la reparaci\u00f3n civil en favor del Estado.<\/p>\n<p>Es as\u00ed que se da cumplimiento a uno de los compromisos incluidos en el Convenio Preliminar, que el Ministerio P\u00fablico firmara el pasado 4 de enero con la empresa Odebrecht. Es decir, comprometerse a una siguiente negociaci\u00f3n, ahora s\u00ed, de la reparaci\u00f3n civil donde le corresponde participar a la Procuradur\u00eda.<\/p>\n<p>Adem\u00e1s, esta semana se iniciar\u00e1 tambi\u00e9n la entrega de informaci\u00f3n relevante para el esclarecimiento de los hechos investigados que ya fueron requeridos por la Fiscal\u00eda, dentro de su estrategia de investigaci\u00f3n.<\/p>\n<p>Por otro lado, la referida empresa realiz\u00f3 el primer adelanto de pago de las ganancias il\u00edcitas en las cuentas de la Comisi\u00f3n Nacional de Bienes Incautados (Conabi), de acuerdo con el cronograma pactado en el Convenio Preliminar y cuyo segundo pago se har\u00e1 dentro de los 30 d\u00edas, a partir de la firma de la fecha del convenio.<\/p>\n","protected":false},"excerpt":{"rendered":"<p>Una primera reuni\u00f3n propici\u00f3 el Ministerio P\u00fablico entre representantes de la empresa Odebrecht y la Procuradur\u00eda P\u00fablica para el inicio de las negociaciones relativas la reparaci\u00f3n civil. Lima, 15 Enero 2017, (ANDINA).- Una primera reuni\u00f3n propici\u00f3 el Ministerio P\u00fablico entre representantes de la empresa Odebrecht y la Procuradur\u00eda P\u00fablica Especializada en Delitos de Corrupci\u00f3n que [&hellip;]<\/p>\n","protected":false},"author":1,"featured_media":4479,"comment_status":"open","ping_status":"open","sticky":false,"template":"","format":"standard","meta":{"rop_custom_images_group":[],"rop_custom_messages_group":[],"rop_publish_now":"initial","rop_publish_now_accounts":[],"rop_publish_now_history":[],"rop_publish_now_status":"pending","footnotes":""},"categories":[5],"tags":[370,619],"class_list":["post-4478","post","type-post","status-publish","format-standard","has-post-thumbnail","hentry","category-actualidad-informativa","tag-ministerio-publico","tag-odebrecht"],"_links":{"self":[{"href":"https:\/\/elinformanteperu.com\/index.php\/wp-json\/wp\/v2\/posts\/4478","targetHints":{"allow":["GET"]}}],"collection":[{"href":"https:\/\/elinformanteperu.com\/index.php\/wp-json\/wp\/v2\/posts"}],"about":[{"href":"https:\/\/elinformanteperu.com\/index.php\/wp-json\/wp\/v2\/types\/post"}],"author":[{"embeddable":true,"href":"https:\/\/elinformanteperu.com\/index.php\/wp-json\/wp\/v2\/users\/1"}],"replies":[{"embeddable":true,"href":"https:\/\/elinformanteperu.com\/index.php\/wp-json\/wp\/v2\/comments?post=4478"}],"version-history":[{"count":1,"href":"https:\/\/elinformanteperu.com\/index.php\/wp-json\/wp\/v2\/posts\/4478\/revisions"}],"predecessor-version":[{"id":4480,"href":"https:\/\/elinformanteperu.com\/index.php\/wp-json\/wp\/v2\/posts\/4478\/revisions\/4480"}],"wp:featuredmedia":[{"embeddable":true,"href":"https:\/\/elinformanteperu.com\/index.php\/wp-json\/wp\/v2\/media\/4479"}],"wp:attachment":[{"href":"https:\/\/elinformanteperu.com\/index.php\/wp-json\/wp\/v2\/media?parent=4478"}],"wp:term":[{"taxonomy":"category","embeddable":true,"href":"https:\/\/elinformanteperu.com\/index.php\/wp-json\/wp\/v2\/categories?post=4478"},{"taxonomy":"post_tag","embeddable":true,"href":"https:\/\/elinformanteperu.com\/index.php\/wp-json\/wp\/v2\/tags?post=4478"}],"curies":[{"name":"wp","href":"https:\/\/api.w.org\/{rel}","templated":true}]}}