{"id":4474,"date":"2017-01-15T23:55:41","date_gmt":"2017-01-16T04:55:41","guid":{"rendered":"http:\/\/elinformanteperu.com\/?p=4474"},"modified":"2017-01-15T23:55:41","modified_gmt":"2017-01-16T04:55:41","slug":"alan-garcia-dispuesto-a-presentarse-ante-comision-lava-jato","status":"publish","type":"post","link":"https:\/\/elinformanteperu.com\/index.php\/2017\/01\/15\/alan-garcia-dispuesto-a-presentarse-ante-comision-lava-jato\/","title":{"rendered":"Alan Garc\u00eda dispuesto a presentarse ante comisi\u00f3n \u00abLava Jato\u00bb"},"content":{"rendered":"<p><strong>El expresidente Alan Garc\u00eda expres\u00f3 su voluntad de asistir a la Comisi\u00f3n Lava Jato del Congreso con la finalidad de colaborar en las investigaciones en el caso Odebrecht.<\/strong><\/p>\n<p><strong>Lima, 15 Enero 2017, (ANDINA).-<\/strong> El expresidente Alan Garc\u00eda expres\u00f3 su voluntad de asistir a la Comisi\u00f3n Lava Jato del Congreso, en el momento que as\u00ed lo disponga el titular de este grupo de trabajo V\u00edctor Albrecht, con la finalidad de colaborar en las investigaciones por los sobornos de la empresa Odebrecht.<\/p>\n<p>A trav\u00e9s de una misiva dirigido al titular de esta comisi\u00f3n, publicada en su portal de Facebook, indica que esta colaboraci\u00f3n la efect\u00faa \u201cante un caso de grave dimensi\u00f3n\u201d.<\/p>\n<p>\u201cLes expreso mi voluntad y solicitud de asistir en el momento en que lo crean conveniente ante su comisi\u00f3n\u201d, se\u00f1ala en su carta.<\/p>\n<p>Asimismo, Garc\u00eda asegur\u00f3 que har\u00e1 lo mismo en los procesos de investigaci\u00f3n que realiza el Ministerio P\u00fablico y el Poder Judicial, \u201cy as\u00ed contribuir al esclarecimiento y a la lucha frontal contra la corrupci\u00f3n que conmueve al pa\u00eds\u201d.<\/p>\n<p>\u201cEn mi condici\u00f3n de dos veces presidente del Per\u00fa, representando a un hist\u00f3rico partido que ha tenido como prop\u00f3sito el desarrollo nacional y la justicia social\u201d, refiri\u00f3.<\/p>\n<p><img fetchpriority=\"high\" decoding=\"async\" class=\"size-full wp-image-4476 aligncenter\" src=\"http:\/\/elinformanteperu.com\/wp-content\/uploads\/2017\/01\/carta-alan-congreso-odebrecht.jpg\" alt=\"\" width=\"498\" height=\"497\" srcset=\"https:\/\/elinformanteperu.com\/wp-content\/uploads\/2017\/01\/carta-alan-congreso-odebrecht.jpg 498w, https:\/\/elinformanteperu.com\/wp-content\/uploads\/2017\/01\/carta-alan-congreso-odebrecht-150x150.jpg 150w, https:\/\/elinformanteperu.com\/wp-content\/uploads\/2017\/01\/carta-alan-congreso-odebrecht-300x300.jpg 300w, https:\/\/elinformanteperu.com\/wp-content\/uploads\/2017\/01\/carta-alan-congreso-odebrecht-128x128.jpg 128w, https:\/\/elinformanteperu.com\/wp-content\/uploads\/2017\/01\/carta-alan-congreso-odebrecht-32x32.jpg 32w, https:\/\/elinformanteperu.com\/wp-content\/uploads\/2017\/01\/carta-alan-congreso-odebrecht-60x60.jpg 60w, https:\/\/elinformanteperu.com\/wp-content\/uploads\/2017\/01\/carta-alan-congreso-odebrecht-50x50.jpg 50w\" sizes=\"(max-width: 498px) 100vw, 498px\" \/><\/p>\n","protected":false},"excerpt":{"rendered":"<p>El expresidente Alan Garc\u00eda expres\u00f3 su voluntad de asistir a la Comisi\u00f3n Lava Jato del Congreso con la finalidad de colaborar en las investigaciones en el caso Odebrecht. Lima, 15 Enero 2017, (ANDINA).- El expresidente Alan Garc\u00eda expres\u00f3 su voluntad de asistir a la Comisi\u00f3n Lava Jato del Congreso, en el momento que as\u00ed lo [&hellip;]<\/p>\n","protected":false},"author":1,"featured_media":4475,"comment_status":"open","ping_status":"open","sticky":false,"template":"","format":"standard","meta":{"rop_custom_images_group":[],"rop_custom_messages_group":[],"rop_publish_now":"initial","rop_publish_now_accounts":[],"rop_publish_now_history":[],"rop_publish_now_status":"pending","footnotes":""},"categories":[5],"tags":[854,619],"class_list":["post-4474","post","type-post","status-publish","format-standard","has-post-thumbnail","hentry","category-actualidad-informativa","tag-alan-garcia","tag-odebrecht"],"_links":{"self":[{"href":"https:\/\/elinformanteperu.com\/index.php\/wp-json\/wp\/v2\/posts\/4474","targetHints":{"allow":["GET"]}}],"collection":[{"href":"https:\/\/elinformanteperu.com\/index.php\/wp-json\/wp\/v2\/posts"}],"about":[{"href":"https:\/\/elinformanteperu.com\/index.php\/wp-json\/wp\/v2\/types\/post"}],"author":[{"embeddable":true,"href":"https:\/\/elinformanteperu.com\/index.php\/wp-json\/wp\/v2\/users\/1"}],"replies":[{"embeddable":true,"href":"https:\/\/elinformanteperu.com\/index.php\/wp-json\/wp\/v2\/comments?post=4474"}],"version-history":[{"count":1,"href":"https:\/\/elinformanteperu.com\/index.php\/wp-json\/wp\/v2\/posts\/4474\/revisions"}],"predecessor-version":[{"id":4477,"href":"https:\/\/elinformanteperu.com\/index.php\/wp-json\/wp\/v2\/posts\/4474\/revisions\/4477"}],"wp:featuredmedia":[{"embeddable":true,"href":"https:\/\/elinformanteperu.com\/index.php\/wp-json\/wp\/v2\/media\/4475"}],"wp:attachment":[{"href":"https:\/\/elinformanteperu.com\/index.php\/wp-json\/wp\/v2\/media?parent=4474"}],"wp:term":[{"taxonomy":"category","embeddable":true,"href":"https:\/\/elinformanteperu.com\/index.php\/wp-json\/wp\/v2\/categories?post=4474"},{"taxonomy":"post_tag","embeddable":true,"href":"https:\/\/elinformanteperu.com\/index.php\/wp-json\/wp\/v2\/tags?post=4474"}],"curies":[{"name":"wp","href":"https:\/\/api.w.org\/{rel}","templated":true}]}}