{"id":4471,"date":"2017-01-15T23:51:02","date_gmt":"2017-01-16T04:51:02","guid":{"rendered":"http:\/\/elinformanteperu.com\/?p=4471"},"modified":"2017-01-15T23:51:02","modified_gmt":"2017-01-16T04:51:02","slug":"villanueva-exmandatarios-deben-mostrar-colaboracion-en-caso-odebrecht","status":"publish","type":"post","link":"https:\/\/elinformanteperu.com\/index.php\/2017\/01\/15\/villanueva-exmandatarios-deben-mostrar-colaboracion-en-caso-odebrecht\/","title":{"rendered":"Villanueva: Exmandatarios deben mostrar colaboraci\u00f3n en caso Odebrecht"},"content":{"rendered":"<p><strong>El congresista de Alianza para el Progreso (APP), C\u00e9sar Villanueva, dijo que corresponde a los expresidentes de la Rep\u00fablica, mostrar esp\u00edritu de colaboraci\u00f3n.<\/strong><\/p>\n<p><strong>Lima, 15 Enero 2017, (ANDINA).-<\/strong> El congresista de Alianza para el Progreso (APP), C\u00e9sar Villanueva, dijo que corresponde a los expresidentes de la Rep\u00fablica, y a todo aquel que sea convocado por las autoridades que investigan el caso Odebrecht, mostrar esp\u00edritu de colaboraci\u00f3n que facilite las investigaciones.<\/p>\n<p>\u201cTodos debemos estar llanos a ir a colaborar en el momento en que lo soliciten. Si son citados expresidentes, exministros, funcionarios, alcaldes, gobernadores, cualquiera que sea, tenemos que ir, eso no significa que seamos culpables\u201d, indic\u00f3 a la aAgencia Andina.<\/p>\n<p>Ante la complejidad del caso, a\u00f1adi\u00f3, debe primar toda predisposici\u00f3n a favor de la investigaci\u00f3n y dar alcance de toda la informaci\u00f3n posible.<\/p>\n<p>Villanueva record\u00f3, en ese sentido, que cuando fue gobernador regional de San Mart\u00edn se desarroll\u00f3 una obra con Odebrecht, la cual, refiri\u00f3, fue bien hecha y no existen indicios de presuntas anomal\u00edas o falta de transparencia en su ejecuci\u00f3n.<\/p>\n<p>\u201cTengo una obra de esa \u00e9poca e ir\u00e9 a dar la informaci\u00f3n que facilite la investigaci\u00f3n cuando se me convoque. No tengo ning\u00fan problema\u201d, enfatiz\u00f3.<\/p>\n<p>Al respecto, el parlamentario Villanueva consider\u00f3 importante que cada proyecto hecho por Odebrecht sea revisado de manera particular por las autoridades y que no haya lugar a conjeturas globales que terminen generalizando todo.<\/p>\n<p>\u201cEs la mejor manera de ver las cosas\u201d, expres\u00f3 al estimar que espera una investigaci\u00f3n muy profesional por parte del Ministerio P\u00fablico.<\/p>\n<p>\u201cLo importante ser\u00e1 que dejemos trabajar al Ministerio P\u00fablico, al Poder Judicial, y a la comisi\u00f3n del Congreso que tambi\u00e9n investiga el caso, y confiar en que tengamos los mejores resultados\u201d, concluy\u00f3.<\/p>\n","protected":false},"excerpt":{"rendered":"<p>El congresista de Alianza para el Progreso (APP), C\u00e9sar Villanueva, dijo que corresponde a los expresidentes de la Rep\u00fablica, mostrar esp\u00edritu de colaboraci\u00f3n. Lima, 15 Enero 2017, (ANDINA).- El congresista de Alianza para el Progreso (APP), C\u00e9sar Villanueva, dijo que corresponde a los expresidentes de la Rep\u00fablica, y a todo aquel que sea convocado por [&hellip;]<\/p>\n","protected":false},"author":1,"featured_media":4472,"comment_status":"open","ping_status":"open","sticky":false,"template":"","format":"standard","meta":{"rop_custom_images_group":[],"rop_custom_messages_group":[],"rop_publish_now":"initial","rop_publish_now_accounts":[],"rop_publish_now_history":[],"rop_publish_now_status":"pending","footnotes":""},"categories":[5],"tags":[275,276,853,619],"class_list":["post-4471","post","type-post","status-publish","format-standard","has-post-thumbnail","hentry","category-actualidad-informativa","tag-alianza-para-el-progreso","tag-app","tag-cesar-villanueva","tag-odebrecht"],"_links":{"self":[{"href":"https:\/\/elinformanteperu.com\/index.php\/wp-json\/wp\/v2\/posts\/4471","targetHints":{"allow":["GET"]}}],"collection":[{"href":"https:\/\/elinformanteperu.com\/index.php\/wp-json\/wp\/v2\/posts"}],"about":[{"href":"https:\/\/elinformanteperu.com\/index.php\/wp-json\/wp\/v2\/types\/post"}],"author":[{"embeddable":true,"href":"https:\/\/elinformanteperu.com\/index.php\/wp-json\/wp\/v2\/users\/1"}],"replies":[{"embeddable":true,"href":"https:\/\/elinformanteperu.com\/index.php\/wp-json\/wp\/v2\/comments?post=4471"}],"version-history":[{"count":1,"href":"https:\/\/elinformanteperu.com\/index.php\/wp-json\/wp\/v2\/posts\/4471\/revisions"}],"predecessor-version":[{"id":4473,"href":"https:\/\/elinformanteperu.com\/index.php\/wp-json\/wp\/v2\/posts\/4471\/revisions\/4473"}],"wp:featuredmedia":[{"embeddable":true,"href":"https:\/\/elinformanteperu.com\/index.php\/wp-json\/wp\/v2\/media\/4472"}],"wp:attachment":[{"href":"https:\/\/elinformanteperu.com\/index.php\/wp-json\/wp\/v2\/media?parent=4471"}],"wp:term":[{"taxonomy":"category","embeddable":true,"href":"https:\/\/elinformanteperu.com\/index.php\/wp-json\/wp\/v2\/categories?post=4471"},{"taxonomy":"post_tag","embeddable":true,"href":"https:\/\/elinformanteperu.com\/index.php\/wp-json\/wp\/v2\/tags?post=4471"}],"curies":[{"name":"wp","href":"https:\/\/api.w.org\/{rel}","templated":true}]}}