{"id":4468,"date":"2017-01-15T23:47:51","date_gmt":"2017-01-16T04:47:51","guid":{"rendered":"http:\/\/elinformanteperu.com\/?p=4468"},"modified":"2017-01-15T23:47:51","modified_gmt":"2017-01-16T04:47:51","slug":"todos-por-el-peru-no-depende-de-julio-guzman-para-seguir-en-politica","status":"publish","type":"post","link":"https:\/\/elinformanteperu.com\/index.php\/2017\/01\/15\/todos-por-el-peru-no-depende-de-julio-guzman-para-seguir-en-politica\/","title":{"rendered":"\u201cTodos por el Per\u00fa no depende de Julio Guzm\u00e1n para seguir en pol\u00edtica\u201d"},"content":{"rendered":"<p><strong>El partido Todos por el Per\u00fa competir\u00e1 con candidatos propios en los comicios regionales y municipales de 2018, asegur\u00f3 su presidente, Aureo Zegarra.<\/strong><\/p>\n<p><strong>Lima, 15 Enero 2017, (ANDINA).-<\/strong> El partido Todos por el Per\u00fa competir\u00e1 con candidatos propios en los comicios regionales y municipales de 2018, asegur\u00f3 su presidente, Aureo Zegarra, al se\u00f1alar que esta agrupaci\u00f3n no depende del excandidato presidencial, Julio Guzm\u00e1n, para seguir en pol\u00edtica.<\/p>\n<p>Indic\u00f3 que, luego de las elecciones generales del 2016, en las que Guzm\u00e1n fue excluido por temas administrativos, su partido ha venido fortaleci\u00e9ndose con la inscripci\u00f3n de m\u00e1s afiliados, que hoy superan los 8,000, y la preparaci\u00f3n de sus cuadros pol\u00edticos.<\/p>\n<p>\u201cVamos a ir solos al 2018 y para ello le estamos dando oportunidad a gente nueva, a nuevos l\u00edderes. Somos un partido moderno, que sigue usando con gran \u00e9xito las redes sociales. Hay much\u00edsima gente que se est\u00e1 inscribiendo en nuestra organizaci\u00f3n\u201d, refiri\u00f3.<\/p>\n<p>En ese contexto, Zegarra remarc\u00f3 que el partido de la antorcha, que cuenta con inscripci\u00f3n vigente, presentar\u00e1 candidaturas \u201cprotag\u00f3nicas\u201d a la Alcald\u00eda de Lima, a diversas comunas distritales y a los gobiernos regionales de los principales departamentos del pa\u00eds.<\/p>\n<p>\u201cNuestra inscripci\u00f3n sigue vigente y estamos fortaleci\u00e9ndonos desde las bases. Seremos protag\u00f3nicos el 2018 en regiones como Cusco, Arequipa, La Libertad, Lima Metropolitana, en Lima Provincias y, posiblemente, tambi\u00e9n en el Callao\u201d, declar\u00f3 a la agencia Andina.<\/p>\n<p>Agreg\u00f3 que su partido tambi\u00e9n proyecta participar en las elecciones generales del a\u00f1o 2021, y en su momento se decidir\u00e1 si para entonces se compite con candidatura propia o en alianza con alguna otra agrupaci\u00f3n de centro que comparta su ideolog\u00eda humanista.<\/p>\n<p>El presidente de Todos por el Per\u00fa, empero, afirm\u00f3 que a\u00fan mantiene contacto con Julio Guzm\u00e1n, pese a su alejamiento de su agrupaci\u00f3n, y descart\u00f3 que la decisi\u00f3n del excandidato presidencial de formar su propio partido pol\u00edtico se haya tomado por alguna discrepancia interna.<\/p>\n<p>Seg\u00fan revel\u00f3, la intenci\u00f3n de Guzm\u00e1n era continuar en Todos por el Per\u00fa para volver a postular el 2021, pero ello difer\u00eda de la visi\u00f3n partidaria de corto plazo de esta agrupaci\u00f3n, orientada a participar en democracia para consolidar tambi\u00e9n los municipios y las regiones.<\/p>\n<p>\u201cVolteamos la p\u00e1gina a d\u00eda siguiente que \u00e9l decidiera no acompa\u00f1arnos en la formaci\u00f3n de nuevos l\u00edderes al 2018, y tuviera la idea de ir al 2021 directamente\u201d, agreg\u00f3 tras enfatizar que en su colectividad pol\u00edtica no hay espacio para \u201ccaudillos que busquen un hedonismo personal\u201d.<\/p>\n<p>No obstante, Zegarra hizo hincapi\u00e9 en que el distanciamiento con Julio Guzm\u00e1n se dio en buenos t\u00e9rminos, considerando que, gracias al despegue de su candidatura a inicios de 2016, Todos por el Per\u00fa estuvo \u201ca un pelito de ser Gobierno\u201d, por lo que le dese\u00f3 buena suerte.<\/p>\n","protected":false},"excerpt":{"rendered":"<p>El partido Todos por el Per\u00fa competir\u00e1 con candidatos propios en los comicios regionales y municipales de 2018, asegur\u00f3 su presidente, Aureo Zegarra. Lima, 15 Enero 2017, (ANDINA).- El partido Todos por el Per\u00fa competir\u00e1 con candidatos propios en los comicios regionales y municipales de 2018, asegur\u00f3 su presidente, Aureo Zegarra, al se\u00f1alar que esta [&hellip;]<\/p>\n","protected":false},"author":1,"featured_media":4469,"comment_status":"open","ping_status":"open","sticky":false,"template":"","format":"standard","meta":{"rop_custom_images_group":[],"rop_custom_messages_group":[],"rop_publish_now":"initial","rop_publish_now_accounts":[],"rop_publish_now_history":[],"rop_publish_now_status":"pending","footnotes":""},"categories":[5],"tags":[850,851,852],"class_list":["post-4468","post","type-post","status-publish","format-standard","has-post-thumbnail","hentry","category-actualidad-informativa","tag-aureo-zegarra","tag-julio-guzman","tag-todos-por-el-peru"],"_links":{"self":[{"href":"https:\/\/elinformanteperu.com\/index.php\/wp-json\/wp\/v2\/posts\/4468","targetHints":{"allow":["GET"]}}],"collection":[{"href":"https:\/\/elinformanteperu.com\/index.php\/wp-json\/wp\/v2\/posts"}],"about":[{"href":"https:\/\/elinformanteperu.com\/index.php\/wp-json\/wp\/v2\/types\/post"}],"author":[{"embeddable":true,"href":"https:\/\/elinformanteperu.com\/index.php\/wp-json\/wp\/v2\/users\/1"}],"replies":[{"embeddable":true,"href":"https:\/\/elinformanteperu.com\/index.php\/wp-json\/wp\/v2\/comments?post=4468"}],"version-history":[{"count":1,"href":"https:\/\/elinformanteperu.com\/index.php\/wp-json\/wp\/v2\/posts\/4468\/revisions"}],"predecessor-version":[{"id":4470,"href":"https:\/\/elinformanteperu.com\/index.php\/wp-json\/wp\/v2\/posts\/4468\/revisions\/4470"}],"wp:featuredmedia":[{"embeddable":true,"href":"https:\/\/elinformanteperu.com\/index.php\/wp-json\/wp\/v2\/media\/4469"}],"wp:attachment":[{"href":"https:\/\/elinformanteperu.com\/index.php\/wp-json\/wp\/v2\/media?parent=4468"}],"wp:term":[{"taxonomy":"category","embeddable":true,"href":"https:\/\/elinformanteperu.com\/index.php\/wp-json\/wp\/v2\/categories?post=4468"},{"taxonomy":"post_tag","embeddable":true,"href":"https:\/\/elinformanteperu.com\/index.php\/wp-json\/wp\/v2\/tags?post=4468"}],"curies":[{"name":"wp","href":"https:\/\/api.w.org\/{rel}","templated":true}]}}