{"id":44587,"date":"2019-02-26T06:38:03","date_gmt":"2019-02-26T11:38:03","guid":{"rendered":"http:\/\/elinformanteperu.com\/?p=44587"},"modified":"2019-02-26T06:38:03","modified_gmt":"2019-02-26T11:38:03","slug":"restablecen-transito-en-la-via-lunahuana-yauyos-chupaca","status":"publish","type":"post","link":"https:\/\/elinformanteperu.com\/index.php\/2019\/02\/26\/restablecen-transito-en-la-via-lunahuana-yauyos-chupaca\/","title":{"rendered":"Restablecen tr\u00e1nsito en la v\u00eda Lunahuan\u00e1-Yauyos-Chupaca"},"content":{"rendered":"<p><strong><span style=\"color: #000000;\">El tr\u00e1nsito entre los kil\u00f3metros 68+800 y 106+800 de la ruta Lunahuan\u00e1-Yauyos-Chupaca, en la regi\u00f3n Lima, fue restablecido hoy, inform\u00f3 el MTC.<\/span><\/strong><\/p>\n<p><span style=\"color: #000000;\"><strong>Lima, 25 de Febrero 2019, (ANDINA).-<\/strong> El tr\u00e1nsito entre los kil\u00f3metros 68+800 y 106+800 de la ruta Lunahuan\u00e1-Yauyos-Chupaca, en la regi\u00f3n Lima, fue restablecido hoy, inform\u00f3 el Ministerio de Transportes y Comunicaciones (MTC).<\/span><\/p>\n<p><span style=\"color: #000000;\">Producto de la lluvia intensa registrada desde anoche en la sierra de Lima se registraron deslizamientos en las quebradas Z\u00fa\u00f1iga, Machuranga y Capillucas, que afectaron el referido corredor.<\/span><\/p>\n<p><span style=\"color: #000000;\">Esta ruta se encuentra a cargo de una empresa contratista\u2013conservadora, encargada del mantenimiento y atenci\u00f3n de emergencias del corredor vial.<\/span><\/p>\n<p><span style=\"color: #000000;\">Por ello, traslad\u00f3 una retroexcavadora y un cargador frontal a la zona para efectuar trabajos de eliminaci\u00f3n de material arrastrado por el huaico.<\/span><\/p>\n<p><span style=\"color: #000000;\">Los trabajos se prolongaron hasta esta ma\u00f1ana, cuando se logr\u00f3 culminar con la limpieza y restablecer el tr\u00e1nsito por las referidas quebradas.<\/span><\/p>\n<p><span style=\"color: #000000;\">El equipo de trabajo, apoyado por maquinaria pesada, contin\u00faa efectuando la limpieza y se mantiene atento ante cualquier nuevo evento en la zona.<\/span><\/p>\n<p><strong><span style=\"color: #000000;\">Protocolos<\/span><\/strong><\/p>\n<p><span style=\"color: #000000;\">Prov\u00edas Nacional, a trav\u00e9s de sus unidades zonales, activ\u00f3 los protocolos de emergencia para la atenci\u00f3n de eventos a nivel nacional.<\/span><\/p>\n<p><span style=\"color: #000000;\">Adem\u00e1s, ejecuta labores de limpieza de las v\u00edas y remoci\u00f3n de materiales de los derrumbes presentados a causa de la temporada de lluvias.<\/span><\/p>\n<p><span style=\"color: #000000;\">As\u00ed, despleg\u00f3 maquinarias en las v\u00edas interrumpidas para recuperar la transitabilidad en el menor plazo posible.<\/span><\/p>\n<p><span style=\"color: #000000;\">El MTC record\u00f3 que se cuenta con una plataforma en la que se registra las emergencias viales en las rutas nacionales, las que se pueden apreciar en este enlace.<\/span><\/p>\n","protected":false},"excerpt":{"rendered":"<p>El tr\u00e1nsito entre los kil\u00f3metros 68+800 y 106+800 de la ruta Lunahuan\u00e1-Yauyos-Chupaca, en la regi\u00f3n Lima, fue restablecido hoy, inform\u00f3 el MTC. Lima, 25 de Febrero 2019, (ANDINA).- El tr\u00e1nsito entre los kil\u00f3metros 68+800 y 106+800 de la ruta Lunahuan\u00e1-Yauyos-Chupaca, en la regi\u00f3n Lima, fue restablecido hoy, inform\u00f3 el Ministerio de Transportes y Comunicaciones (MTC). [&hellip;]<\/p>\n","protected":false},"author":1,"featured_media":44589,"comment_status":"open","ping_status":"open","sticky":false,"template":"","format":"standard","meta":{"rop_custom_images_group":[],"rop_custom_messages_group":[],"rop_publish_now":"initial","rop_publish_now_accounts":[],"rop_publish_now_history":[],"rop_publish_now_status":"pending","footnotes":""},"categories":[10],"tags":[318,317,869],"class_list":["post-44587","post","type-post","status-publish","format-standard","has-post-thumbnail","hentry","category-actualidad-municipal","tag-ministerio-de-transportes-y-comunicaciones","tag-mtc","tag-provias"],"_links":{"self":[{"href":"https:\/\/elinformanteperu.com\/index.php\/wp-json\/wp\/v2\/posts\/44587","targetHints":{"allow":["GET"]}}],"collection":[{"href":"https:\/\/elinformanteperu.com\/index.php\/wp-json\/wp\/v2\/posts"}],"about":[{"href":"https:\/\/elinformanteperu.com\/index.php\/wp-json\/wp\/v2\/types\/post"}],"author":[{"embeddable":true,"href":"https:\/\/elinformanteperu.com\/index.php\/wp-json\/wp\/v2\/users\/1"}],"replies":[{"embeddable":true,"href":"https:\/\/elinformanteperu.com\/index.php\/wp-json\/wp\/v2\/comments?post=44587"}],"version-history":[{"count":1,"href":"https:\/\/elinformanteperu.com\/index.php\/wp-json\/wp\/v2\/posts\/44587\/revisions"}],"predecessor-version":[{"id":44590,"href":"https:\/\/elinformanteperu.com\/index.php\/wp-json\/wp\/v2\/posts\/44587\/revisions\/44590"}],"wp:featuredmedia":[{"embeddable":true,"href":"https:\/\/elinformanteperu.com\/index.php\/wp-json\/wp\/v2\/media\/44589"}],"wp:attachment":[{"href":"https:\/\/elinformanteperu.com\/index.php\/wp-json\/wp\/v2\/media?parent=44587"}],"wp:term":[{"taxonomy":"category","embeddable":true,"href":"https:\/\/elinformanteperu.com\/index.php\/wp-json\/wp\/v2\/categories?post=44587"},{"taxonomy":"post_tag","embeddable":true,"href":"https:\/\/elinformanteperu.com\/index.php\/wp-json\/wp\/v2\/tags?post=44587"}],"curies":[{"name":"wp","href":"https:\/\/api.w.org\/{rel}","templated":true}]}}