{"id":44551,"date":"2019-02-25T00:59:39","date_gmt":"2019-02-25T05:59:39","guid":{"rendered":"http:\/\/elinformanteperu.com\/?p=44551"},"modified":"2019-02-25T00:59:39","modified_gmt":"2019-02-25T05:59:39","slug":"congresista-becerril-si-sabia-que-compra-de-porcelanato-fue-pagado-por-empresaria","status":"publish","type":"post","link":"https:\/\/elinformanteperu.com\/index.php\/2019\/02\/25\/congresista-becerril-si-sabia-que-compra-de-porcelanato-fue-pagado-por-empresaria\/","title":{"rendered":"Congresista Becerril s\u00ed sab\u00eda que compra de porcelanato fue pagado por empresaria"},"content":{"rendered":"<p><strong><span style=\"color: #000000;\">La empresaria Mirtha Gonz\u00e1les ratific\u00f3 que el congresista de Fuerza Popular, H\u00e9ctor Becerril, s\u00ed conoc\u00eda que fue ella quien pag\u00f3 los materiales de construcci\u00f3n para su casa.<\/span><\/strong><\/p>\n<p><span style=\"color: #000000;\"><strong>Lima, 24 de Febrero 2019, (ANDINA).-<\/strong> La empresaria Mirtha Gonz\u00e1les ratific\u00f3 que el congresista de Fuerza Popular, H\u00e9ctor Becerril, s\u00ed conoc\u00eda que fue ella quien pag\u00f3 los materiales de construcci\u00f3n para su casa, como parte de una supuesta coima por obtener una obra en la Municipalidad de Chiclayo.<\/span><\/p>\n<p><span style=\"color: #000000;\">Declar\u00f3 que ella misma fue testigo de las llamadas que realizaba el congresista fujimorista a su hermano Wilfredo Becerril para presionarlo por la compra del porcelanato que le hab\u00eda solicitado.<\/span><\/p>\n<p><span style=\"color: #000000;\">\u201cHay una prueba contundente, hay un pedido del congresista, tanto de su hermano, por el tema del pago de porcelanato, he sido testigo de las llamadas, de las presiones que recib\u00eda su propio hermano para resolver la compra de porcelanato\u201d, afirm\u00f3.<\/span><\/p>\n<p><span style=\"color: #000000;\">Reiter\u00f3, en ese sentido, que Becerril s\u00ed sab\u00eda que fue su empresa la que pag\u00f3 el porcelanato entregado en su vivienda en Trujillo, en proceso de construcci\u00f3n.<\/span><\/p>\n<p><span style=\"color: #000000;\">\u201cPor supuesto (\u00e9l sab\u00eda) ha sido m\u00e1s de una vez las llamadas en las que solicitaba que se resuelva la compra de materiales a Wilfredo, en dos oportunidades \u00e9l le respondi\u00f3 estoy con Mirtha, lo voy a resolver\u201d, afirm\u00f3.<\/span><\/p>\n<p><span style=\"color: #000000;\">El congresista Becerril, en una declaraci\u00f3n a la prensa, dijo que fue su hermano quien le prest\u00f3 el dinero para los materiales y que cuando quiso devolverle el dinero se enter\u00f3 que la empresaria hab\u00eda pagado la compra, raz\u00f3n por la cual devolvi\u00f3 los materiales.<\/span><\/p>\n<p><span style=\"color: #000000;\">Mirtha Gonz\u00e1les dijo en Cuarto Poder que es \u201ctotalmente falso\u201d que el congresista Becerril le haya devuelto los materiales de construcci\u00f3n.<\/span><\/p>\n<p><span style=\"color: #000000;\">\u201cDespu\u00e9s de la compra me reun\u00ed con Becerril, almorzamos, tengo la factura, salimos con la persona que hoy es mi esposo, Wilfredo Becerril, y Antonio Becerril y no me dijo nada por la compra de porcelanato\u201d, afirm\u00f3.<\/span><\/p>\n<p><span style=\"color: #000000;\">Precis\u00f3 que si bien los 11 millones de soles para la Planta de Transferencia de Residuos S\u00f3lidos de Chiclayo fueron una donaci\u00f3n Suiza, la administraci\u00f3n de los fondos estaba a cargo de la Municipalidad de Chiclayo.<\/span><\/p>\n<p><span style=\"color: #000000;\">Las bancadas Nuevo Per\u00fa y Frente Amplio presentaron una denuncia contra el congresista Becerril ante la Subcomisi\u00f3n de Acusaciones Constitucionales y la Comisi\u00f3n de \u00c9tica, que ma\u00f1ana debatir\u00e1 la admisi\u00f3n de esta denuncia.<\/span><\/p>\n","protected":false},"excerpt":{"rendered":"<p>La empresaria Mirtha Gonz\u00e1les ratific\u00f3 que el congresista de Fuerza Popular, H\u00e9ctor Becerril, s\u00ed conoc\u00eda que fue ella quien pag\u00f3 los materiales de construcci\u00f3n para su casa. Lima, 24 de Febrero 2019, (ANDINA).- La empresaria Mirtha Gonz\u00e1les ratific\u00f3 que el congresista de Fuerza Popular, H\u00e9ctor Becerril, s\u00ed conoc\u00eda que fue ella quien pag\u00f3 los materiales [&hellip;]<\/p>\n","protected":false},"author":1,"featured_media":11981,"comment_status":"open","ping_status":"open","sticky":false,"template":"","format":"standard","meta":{"rop_custom_images_group":[],"rop_custom_messages_group":[],"rop_publish_now":"initial","rop_publish_now_accounts":[],"rop_publish_now_history":[],"rop_publish_now_status":"pending","footnotes":""},"categories":[5],"tags":[327,4191],"class_list":["post-44551","post","type-post","status-publish","format-standard","has-post-thumbnail","hentry","category-actualidad-informativa","tag-hector-becerril","tag-mirtha-gonzales-yep"],"_links":{"self":[{"href":"https:\/\/elinformanteperu.com\/index.php\/wp-json\/wp\/v2\/posts\/44551","targetHints":{"allow":["GET"]}}],"collection":[{"href":"https:\/\/elinformanteperu.com\/index.php\/wp-json\/wp\/v2\/posts"}],"about":[{"href":"https:\/\/elinformanteperu.com\/index.php\/wp-json\/wp\/v2\/types\/post"}],"author":[{"embeddable":true,"href":"https:\/\/elinformanteperu.com\/index.php\/wp-json\/wp\/v2\/users\/1"}],"replies":[{"embeddable":true,"href":"https:\/\/elinformanteperu.com\/index.php\/wp-json\/wp\/v2\/comments?post=44551"}],"version-history":[{"count":1,"href":"https:\/\/elinformanteperu.com\/index.php\/wp-json\/wp\/v2\/posts\/44551\/revisions"}],"predecessor-version":[{"id":44553,"href":"https:\/\/elinformanteperu.com\/index.php\/wp-json\/wp\/v2\/posts\/44551\/revisions\/44553"}],"wp:featuredmedia":[{"embeddable":true,"href":"https:\/\/elinformanteperu.com\/index.php\/wp-json\/wp\/v2\/media\/11981"}],"wp:attachment":[{"href":"https:\/\/elinformanteperu.com\/index.php\/wp-json\/wp\/v2\/media?parent=44551"}],"wp:term":[{"taxonomy":"category","embeddable":true,"href":"https:\/\/elinformanteperu.com\/index.php\/wp-json\/wp\/v2\/categories?post=44551"},{"taxonomy":"post_tag","embeddable":true,"href":"https:\/\/elinformanteperu.com\/index.php\/wp-json\/wp\/v2\/tags?post=44551"}],"curies":[{"name":"wp","href":"https:\/\/api.w.org\/{rel}","templated":true}]}}