{"id":44519,"date":"2019-02-24T19:44:55","date_gmt":"2019-02-25T00:44:55","guid":{"rendered":"http:\/\/elinformanteperu.com\/?p=44519"},"modified":"2019-02-24T19:44:55","modified_gmt":"2019-02-25T00:44:55","slug":"villanueva-trabajo-en-equipo-permitio-levantar-paro-de-transportistas","status":"publish","type":"post","link":"https:\/\/elinformanteperu.com\/index.php\/2019\/02\/24\/villanueva-trabajo-en-equipo-permitio-levantar-paro-de-transportistas\/","title":{"rendered":"Villanueva: trabajo en equipo permiti\u00f3 levantar paro de transportistas"},"content":{"rendered":"<p><strong><span style=\"color: #000000;\">El presidente del Consejo de Ministros, C\u00e9sar Villanueva, destac\u00f3 el levantamiento del paro de transportistas de carga pesada que afectaba a diversas partes del pa\u00eds.<\/span><\/strong><\/p>\n<p><span style=\"color: #000000;\"><strong>Lima, 24 de Febrero 2019, (ANDINA).-<\/strong> El presidente del Consejo de Ministros, C\u00e9sar Villanueva, destac\u00f3 el levantamiento del paro de transportistas de carga pesada que afectaba a diversas partes del pa\u00eds y dijo que el acuerdo se logr\u00f3 con un trabajo coordinado de todo el equipo de gobierno.<\/span><\/p>\n<p><span style=\"color: #000000;\">\u201cCon di\u00e1logo y trabajo en equipo se logr\u00f3 reestablecer el tr\u00e1nsito en las carreteras\u201d, enfatiz\u00f3.<\/span><\/p>\n<p><span style=\"color: #000000;\">Tras varias horas de di\u00e1logo se pact\u00f3 con los transportistas de carga pesada una rebaja de S\/ 0.59 por gal\u00f3n de di\u00e9sel en planta a cargo de Petroper\u00fa. Esta reducci\u00f3n estar\u00e1 vigente desde las 00:00 horas del lunes 25 de febrero.<\/span><\/p>\n<p><span style=\"color: #000000;\">Adem\u00e1s se acord\u00f3 suspender el pago del peaje de Yauca (Arequipa) por cinco meses o hasta que se restablezca el 70% de la v\u00eda, as\u00ed como evaluar el estado de la v\u00eda en la zona de Atico.<\/span><\/p>\n<p><span style=\"color: #000000;\">El acuerdo se estableci\u00f3 con 26 dirigentes de los gremios de transportistas que integran la Uni\u00f3n Nacional de Transportistas (UNT), la Uni\u00f3n de Conductores del Callao (UCC), la Asociaci\u00f3n Nacional de Transportistas Terrestres (Anatec) y el Gremio Nacional de Transportistas y Conductores (GNTC).<\/span><\/p>\n<p><span style=\"color: #000000;\">Los bloqueos que afectaban varios puntos de alto tr\u00e1nsito fueron levantados y se garantiza el libre tr\u00e1nsito en las carreteras, para beneficio de transportistas, conductores y pasajeros.<\/span><\/p>\n<p><span style=\"color: #000000;\">Tambi\u00e9n participaron de la reuni\u00f3n el viceministro de Gobernanza Territorial de la PCM, Ra\u00fal Molina; el viceministro de Transportes, Carlos Estremadoyro; el viceministro de Hidrocarburos del Minem, Edgardo Guevara.<\/span><\/p>\n<p><span style=\"color: #000000;\">Adem\u00e1s asistieron los congresistas Alejandra Aramayo y Justiniano Apaza.<\/span><\/p>\n<p><span style=\"color: #000000;\">El jueves 28 de febrero se realizar\u00e1 una nueva reuni\u00f3n para conocer los avances de los acuerdos alcanzados.<\/span><\/p>\n","protected":false},"excerpt":{"rendered":"<p>El presidente del Consejo de Ministros, C\u00e9sar Villanueva, destac\u00f3 el levantamiento del paro de transportistas de carga pesada que afectaba a diversas partes del pa\u00eds. Lima, 24 de Febrero 2019, (ANDINA).- El presidente del Consejo de Ministros, C\u00e9sar Villanueva, destac\u00f3 el levantamiento del paro de transportistas de carga pesada que afectaba a diversas partes del [&hellip;]<\/p>\n","protected":false},"author":1,"featured_media":41914,"comment_status":"open","ping_status":"open","sticky":false,"template":"","format":"standard","meta":{"rop_custom_images_group":[],"rop_custom_messages_group":[],"rop_publish_now":"initial","rop_publish_now_accounts":[],"rop_publish_now_history":[],"rop_publish_now_status":"pending","footnotes":""},"categories":[5],"tags":[853,317,189,163],"class_list":["post-44519","post","type-post","status-publish","format-standard","has-post-thumbnail","hentry","category-actualidad-informativa","tag-cesar-villanueva","tag-mtc","tag-pcm","tag-poder-judicial"],"_links":{"self":[{"href":"https:\/\/elinformanteperu.com\/index.php\/wp-json\/wp\/v2\/posts\/44519","targetHints":{"allow":["GET"]}}],"collection":[{"href":"https:\/\/elinformanteperu.com\/index.php\/wp-json\/wp\/v2\/posts"}],"about":[{"href":"https:\/\/elinformanteperu.com\/index.php\/wp-json\/wp\/v2\/types\/post"}],"author":[{"embeddable":true,"href":"https:\/\/elinformanteperu.com\/index.php\/wp-json\/wp\/v2\/users\/1"}],"replies":[{"embeddable":true,"href":"https:\/\/elinformanteperu.com\/index.php\/wp-json\/wp\/v2\/comments?post=44519"}],"version-history":[{"count":1,"href":"https:\/\/elinformanteperu.com\/index.php\/wp-json\/wp\/v2\/posts\/44519\/revisions"}],"predecessor-version":[{"id":44521,"href":"https:\/\/elinformanteperu.com\/index.php\/wp-json\/wp\/v2\/posts\/44519\/revisions\/44521"}],"wp:featuredmedia":[{"embeddable":true,"href":"https:\/\/elinformanteperu.com\/index.php\/wp-json\/wp\/v2\/media\/41914"}],"wp:attachment":[{"href":"https:\/\/elinformanteperu.com\/index.php\/wp-json\/wp\/v2\/media?parent=44519"}],"wp:term":[{"taxonomy":"category","embeddable":true,"href":"https:\/\/elinformanteperu.com\/index.php\/wp-json\/wp\/v2\/categories?post=44519"},{"taxonomy":"post_tag","embeddable":true,"href":"https:\/\/elinformanteperu.com\/index.php\/wp-json\/wp\/v2\/tags?post=44519"}],"curies":[{"name":"wp","href":"https:\/\/api.w.org\/{rel}","templated":true}]}}