{"id":44515,"date":"2019-02-24T19:42:31","date_gmt":"2019-02-25T00:42:31","guid":{"rendered":"http:\/\/elinformanteperu.com\/?p=44515"},"modified":"2019-02-24T19:42:31","modified_gmt":"2019-02-25T00:42:31","slug":"fuerzas-del-orden-abaten-a-seguridad-principal-de-camarada-raul","status":"publish","type":"post","link":"https:\/\/elinformanteperu.com\/index.php\/2019\/02\/24\/fuerzas-del-orden-abaten-a-seguridad-principal-de-camarada-raul\/","title":{"rendered":"Fuerzas del orden abaten a seguridad principal de camarada \u201cRa\u00fal\u201d"},"content":{"rendered":"<p><strong><span style=\"color: #000000;\">Los ministerios de Defensa y del Interior, informaron que fuerzas integradas de las Fuerzas Armadas y la Polic\u00eda Nacional del Per\u00fa lograron abatir al delincuente terrorista alias \u201cLe\u00f3nidas\u201d.<\/span><\/strong><\/p>\n<p><span style=\"color: #000000;\"><strong>Lima, 23 de Febrero 2019, (ANDINA).-<\/strong> Los ministerios de Defensa y del Interior, informaron que fuerzas integradas de las Fuerzas Armadas y la Polic\u00eda Nacional del Per\u00fa lograron abatir al delincuente terrorista alias \u201cLe\u00f3nidas\u201d, seguridad principal del cabecilla Jorge Quispe Palomino, \u201cRa\u00fal\u201d.<\/span><\/p>\n<p><span style=\"color: #000000;\">Dicho hecho ocurrido durante un enfrentamiento con una columna terrorista en el distrito de Pucacolpa, provincia de Huanta (Ayacucho).<\/span><\/p>\n<p><span style=\"color: #000000;\">Seg\u00fan el comunicado, la refriega ocurri\u00f3 cuando las fuerzas del orden, integradas por patrullas del Comando de Inteligencia y Operaciones Especiales Conjuntas (Cioec) de las Fuerzas Armadas, as\u00ed como personal de la Direcci\u00f3n General de Inteligencia (Digimin) y de la Divisi\u00f3n de Delitos de Alta Complejidad (Diviac), de la PNP, intensificaban las operaciones en la zona.<\/span><\/p>\n<p><span style=\"color: #000000;\">Asimismo, informaron que durante el operativo se incautaron dos fusiles AKM y dem\u00e1s pertrechos, medicinas y materiales de uso casero.<\/span><\/p>\n<p><span style=\"color: #000000;\">\u201cTras la operaci\u00f3n, el cuerpo de \u2018Le\u00f3nidas\u2019, as\u00ed como el material incautado fue trasladado hacia la sede del Comando Especial Vraem, en Pichari (Cusco), para continuar con las diligencias de ley\u201d, a\u00f1ade.<\/span><\/p>\n<p><span style=\"color: #000000;\">Adem\u00e1s, agrega que las operaciones se realizaron con conocimiento del Ministerio P\u00fablico, de acuerdo al plan establecido.<\/span><\/p>\n<p><span style=\"color: #000000;\">\u201cLas Fuerzas Armadas y la Polic\u00eda Nacional contin\u00faan trabajando intensamente en la zona del Vraem con el fin de lograr la pacificaci\u00f3n total de esa importante regi\u00f3n del pa\u00eds\u201d, refiere el comunicado conjunto.<\/span><\/p>\n","protected":false},"excerpt":{"rendered":"<p>Los ministerios de Defensa y del Interior, informaron que fuerzas integradas de las Fuerzas Armadas y la Polic\u00eda Nacional del Per\u00fa lograron abatir al delincuente terrorista alias \u201cLe\u00f3nidas\u201d. Lima, 23 de Febrero 2019, (ANDINA).- Los ministerios de Defensa y del Interior, informaron que fuerzas integradas de las Fuerzas Armadas y la Polic\u00eda Nacional del Per\u00fa [&hellip;]<\/p>\n","protected":false},"author":1,"featured_media":44517,"comment_status":"open","ping_status":"open","sticky":false,"template":"","format":"standard","meta":{"rop_custom_images_group":[],"rop_custom_messages_group":[],"rop_publish_now":"initial","rop_publish_now_accounts":[],"rop_publish_now_history":[],"rop_publish_now_status":"pending","footnotes":""},"categories":[5],"tags":[375,280,1509,1060],"class_list":["post-44515","post","type-post","status-publish","format-standard","has-post-thumbnail","hentry","category-actualidad-informativa","tag-ministerio-de-defensa","tag-ministerio-del-interior","tag-terrorismo","tag-vraem"],"_links":{"self":[{"href":"https:\/\/elinformanteperu.com\/index.php\/wp-json\/wp\/v2\/posts\/44515","targetHints":{"allow":["GET"]}}],"collection":[{"href":"https:\/\/elinformanteperu.com\/index.php\/wp-json\/wp\/v2\/posts"}],"about":[{"href":"https:\/\/elinformanteperu.com\/index.php\/wp-json\/wp\/v2\/types\/post"}],"author":[{"embeddable":true,"href":"https:\/\/elinformanteperu.com\/index.php\/wp-json\/wp\/v2\/users\/1"}],"replies":[{"embeddable":true,"href":"https:\/\/elinformanteperu.com\/index.php\/wp-json\/wp\/v2\/comments?post=44515"}],"version-history":[{"count":1,"href":"https:\/\/elinformanteperu.com\/index.php\/wp-json\/wp\/v2\/posts\/44515\/revisions"}],"predecessor-version":[{"id":44518,"href":"https:\/\/elinformanteperu.com\/index.php\/wp-json\/wp\/v2\/posts\/44515\/revisions\/44518"}],"wp:featuredmedia":[{"embeddable":true,"href":"https:\/\/elinformanteperu.com\/index.php\/wp-json\/wp\/v2\/media\/44517"}],"wp:attachment":[{"href":"https:\/\/elinformanteperu.com\/index.php\/wp-json\/wp\/v2\/media?parent=44515"}],"wp:term":[{"taxonomy":"category","embeddable":true,"href":"https:\/\/elinformanteperu.com\/index.php\/wp-json\/wp\/v2\/categories?post=44515"},{"taxonomy":"post_tag","embeddable":true,"href":"https:\/\/elinformanteperu.com\/index.php\/wp-json\/wp\/v2\/tags?post=44515"}],"curies":[{"name":"wp","href":"https:\/\/api.w.org\/{rel}","templated":true}]}}