{"id":44508,"date":"2019-02-24T19:36:35","date_gmt":"2019-02-25T00:36:35","guid":{"rendered":"http:\/\/elinformanteperu.com\/?p=44508"},"modified":"2019-02-24T19:36:35","modified_gmt":"2019-02-25T00:36:35","slug":"fiscal-perez-pide-a-la-policia-captura-de-empresario-gonzalo-monteverde","status":"publish","type":"post","link":"https:\/\/elinformanteperu.com\/index.php\/2019\/02\/24\/fiscal-perez-pide-a-la-policia-captura-de-empresario-gonzalo-monteverde\/","title":{"rendered":"Fiscal P\u00e9rez pide a la Polic\u00eda captura de empresario Gonzalo Monteverde"},"content":{"rendered":"<p><strong><span style=\"color: #000000;\">El fiscal del caso Lava Jato, Jos\u00e9 Domingo P\u00e9rez, inform\u00f3 que el empresario peruano Gonzalo Monteverde est\u00e1 no habido, y pidi\u00f3 a la Polic\u00eda Nacional su pronta captura.<\/span><\/strong><\/p>\n<p><span style=\"color: #000000;\"><strong>Lima, 23 de Febrero 2019, (ANDINA).-<\/strong> El fiscal del equipo especial del caso Lava Jato, Jos\u00e9 Domingo P\u00e9rez G\u00f3mez, inform\u00f3 que el empresario peruano Gonzalo Monteverde est\u00e1 no habido, y pidi\u00f3 a la Polic\u00eda Nacional su pronta captura.<\/span><\/p>\n<p><span style=\"color: #000000;\">\u201cNo se ha logrado la captura, por lo tanto se ha solicitado a la Polic\u00eda que ponga en conocimiento a los puestos fronterizos, donde hay autoridad migratoria, para que estas personas no salgan del pa\u00eds y el personal policial pueda detenerlos\u201d, precis\u00f3 luego de allanar uno de los inmuebles del empresario.<\/span><\/p>\n<p><span style=\"color: #000000;\">El Poder Judicial orden\u00f3 la detenci\u00f3n preliminar de Gonzalo Monteverde, acusado de ser el operador financiero de pagos il\u00edcitos de Odebrecht en Per\u00fa. La medida tambi\u00e9n incluye a otros implicados en el presunto pago de coimas y el allanamiento de los inmuebles de los investigados.<\/span><\/p>\n<p><span style=\"color: #000000;\">Para el fiscal P\u00e9rez, los puestos de control fronterizo de Migraciones ya deben tener conocimiento de la orden de detenci\u00f3n preliminar por 10 d\u00edas contra Monteverde y otros implicados en el caso Odebrecht.<\/span><\/p>\n<p><span style=\"color: #000000;\">La orden de detenci\u00f3n preliminar tambi\u00e9n incluye a la esposa de Monteverde Bussalleu, Mar\u00eda Isabel Carmona Bernasconi; as\u00ed como a Jorge Wilfredo Salinas Coaguila, Marcionila Cardoso Pardo y Carlos Javier \u00c1ngeles Figueroa.<\/span><\/p>\n","protected":false},"excerpt":{"rendered":"<p>El fiscal del caso Lava Jato, Jos\u00e9 Domingo P\u00e9rez, inform\u00f3 que el empresario peruano Gonzalo Monteverde est\u00e1 no habido, y pidi\u00f3 a la Polic\u00eda Nacional su pronta captura. Lima, 23 de Febrero 2019, (ANDINA).- El fiscal del equipo especial del caso Lava Jato, Jos\u00e9 Domingo P\u00e9rez G\u00f3mez, inform\u00f3 que el empresario peruano Gonzalo Monteverde est\u00e1 [&hellip;]<\/p>\n","protected":false},"author":1,"featured_media":42054,"comment_status":"open","ping_status":"open","sticky":false,"template":"","format":"standard","meta":{"rop_custom_images_group":[],"rop_custom_messages_group":[],"rop_publish_now":"initial","rop_publish_now_accounts":[],"rop_publish_now_history":[],"rop_publish_now_status":"pending","footnotes":""},"categories":[5],"tags":[4228,2568,619],"class_list":["post-44508","post","type-post","status-publish","format-standard","has-post-thumbnail","hentry","category-actualidad-informativa","tag-gonzalo-monteverde","tag-jose-domingo-perez","tag-odebrecht"],"_links":{"self":[{"href":"https:\/\/elinformanteperu.com\/index.php\/wp-json\/wp\/v2\/posts\/44508","targetHints":{"allow":["GET"]}}],"collection":[{"href":"https:\/\/elinformanteperu.com\/index.php\/wp-json\/wp\/v2\/posts"}],"about":[{"href":"https:\/\/elinformanteperu.com\/index.php\/wp-json\/wp\/v2\/types\/post"}],"author":[{"embeddable":true,"href":"https:\/\/elinformanteperu.com\/index.php\/wp-json\/wp\/v2\/users\/1"}],"replies":[{"embeddable":true,"href":"https:\/\/elinformanteperu.com\/index.php\/wp-json\/wp\/v2\/comments?post=44508"}],"version-history":[{"count":1,"href":"https:\/\/elinformanteperu.com\/index.php\/wp-json\/wp\/v2\/posts\/44508\/revisions"}],"predecessor-version":[{"id":44510,"href":"https:\/\/elinformanteperu.com\/index.php\/wp-json\/wp\/v2\/posts\/44508\/revisions\/44510"}],"wp:featuredmedia":[{"embeddable":true,"href":"https:\/\/elinformanteperu.com\/index.php\/wp-json\/wp\/v2\/media\/42054"}],"wp:attachment":[{"href":"https:\/\/elinformanteperu.com\/index.php\/wp-json\/wp\/v2\/media?parent=44508"}],"wp:term":[{"taxonomy":"category","embeddable":true,"href":"https:\/\/elinformanteperu.com\/index.php\/wp-json\/wp\/v2\/categories?post=44508"},{"taxonomy":"post_tag","embeddable":true,"href":"https:\/\/elinformanteperu.com\/index.php\/wp-json\/wp\/v2\/tags?post=44508"}],"curies":[{"name":"wp","href":"https:\/\/api.w.org\/{rel}","templated":true}]}}