{"id":44505,"date":"2019-02-24T19:33:37","date_gmt":"2019-02-25T00:33:37","guid":{"rendered":"http:\/\/elinformanteperu.com\/?p=44505"},"modified":"2019-02-24T19:33:37","modified_gmt":"2019-02-25T00:33:37","slug":"ordenan-detencion-de-gonzalo-monteverde-y-otros-implicados-por-caso-odebrecht","status":"publish","type":"post","link":"https:\/\/elinformanteperu.com\/index.php\/2019\/02\/24\/ordenan-detencion-de-gonzalo-monteverde-y-otros-implicados-por-caso-odebrecht\/","title":{"rendered":"Ordenan detenci\u00f3n de Gonzalo Monteverde y otros implicados por caso Odebrecht"},"content":{"rendered":"<p><strong><span style=\"color: #000000;\">El Poder Judicial orden\u00f3 la detenci\u00f3n preliminar del empresario Gonzalo Monteverde, acusado de ser el operador financiero de pagos il\u00edcitos de Odebrecht en Per\u00fa.<\/span><\/strong><\/p>\n<p><span style=\"color: #000000;\"><strong>Lima, 23 de Febrero 2019, (ANDINA).-<\/strong> El Poder Judicial orden\u00f3 la detenci\u00f3n preliminar del empresario Gonzalo Monteverde, acusado de ser el operador financiero de pagos il\u00edcitos de Odebrecht en Per\u00fa.<\/span><\/p>\n<p><span style=\"color: #000000;\">La medida tambi\u00e9n incluye a otros implicados en el presunto pago de coimas de Odebrecht, y el allanamiento de los inmuebles de los investigados.<\/span><\/p>\n<p><span style=\"color: #000000;\">Seg\u00fan la resoluci\u00f3n del Tercer Juzgado de Investigaci\u00f3n Preparatoria, la orden de detenci\u00f3n incluye a la esposa de Monteverde, Mar\u00eda Isabel Carmona Bernasconi, as\u00ed como de Jorge Wilfredo Salinas Coaguila, Marcionila Cardoso Pardo y Carlos Javier \u00c1ngeles Figueroa.<\/span><\/p>\n<p><span style=\"color: #000000;\">La orden de detenci\u00f3n preliminar es por 10 d\u00edas, confirm\u00f3 el fiscal Jos\u00e9 Domingo P\u00e9rez, quien participa en los allanamientos de inmuebles vinculados a Gonzalo Monteverde.<\/span><\/p>\n<p><span style=\"color: #000000;\">El pasado jueves, el extesorero internacional de Odebrecht, Luiz da Rocha Soares, confes\u00f3 a los fiscales del Equipo Especial Lava Jato en Brasil, que el dinero proveniente de la &#8216;Caja 2&#8217; fue enviada a Construmaq S.A.C., propiedad del empresario Gonzalo Monteverde, para transferir dinero, dentro y fuera del Per\u00fa, para pagos il\u00edcitos.<\/span><\/p>\n<p><span style=\"color: #000000;\">Seg\u00fan la investigaci\u00f3n del Ministerio P\u00fablico, el empresario peruano y su entorno recibieron un poco m\u00e1s de US$29 millones, que fueron usados presuntamente para el pago de coimas.<\/span><\/p>\n","protected":false},"excerpt":{"rendered":"<p>El Poder Judicial orden\u00f3 la detenci\u00f3n preliminar del empresario Gonzalo Monteverde, acusado de ser el operador financiero de pagos il\u00edcitos de Odebrecht en Per\u00fa. Lima, 23 de Febrero 2019, (ANDINA).- El Poder Judicial orden\u00f3 la detenci\u00f3n preliminar del empresario Gonzalo Monteverde, acusado de ser el operador financiero de pagos il\u00edcitos de Odebrecht en Per\u00fa. La [&hellip;]<\/p>\n","protected":false},"author":1,"featured_media":5799,"comment_status":"open","ping_status":"open","sticky":false,"template":"","format":"standard","meta":{"rop_custom_images_group":[],"rop_custom_messages_group":[],"rop_publish_now":"initial","rop_publish_now_accounts":[],"rop_publish_now_history":[],"rop_publish_now_status":"pending","footnotes":""},"categories":[5],"tags":[4228,370,619],"class_list":["post-44505","post","type-post","status-publish","format-standard","has-post-thumbnail","hentry","category-actualidad-informativa","tag-gonzalo-monteverde","tag-ministerio-publico","tag-odebrecht"],"_links":{"self":[{"href":"https:\/\/elinformanteperu.com\/index.php\/wp-json\/wp\/v2\/posts\/44505","targetHints":{"allow":["GET"]}}],"collection":[{"href":"https:\/\/elinformanteperu.com\/index.php\/wp-json\/wp\/v2\/posts"}],"about":[{"href":"https:\/\/elinformanteperu.com\/index.php\/wp-json\/wp\/v2\/types\/post"}],"author":[{"embeddable":true,"href":"https:\/\/elinformanteperu.com\/index.php\/wp-json\/wp\/v2\/users\/1"}],"replies":[{"embeddable":true,"href":"https:\/\/elinformanteperu.com\/index.php\/wp-json\/wp\/v2\/comments?post=44505"}],"version-history":[{"count":1,"href":"https:\/\/elinformanteperu.com\/index.php\/wp-json\/wp\/v2\/posts\/44505\/revisions"}],"predecessor-version":[{"id":44507,"href":"https:\/\/elinformanteperu.com\/index.php\/wp-json\/wp\/v2\/posts\/44505\/revisions\/44507"}],"wp:featuredmedia":[{"embeddable":true,"href":"https:\/\/elinformanteperu.com\/index.php\/wp-json\/wp\/v2\/media\/5799"}],"wp:attachment":[{"href":"https:\/\/elinformanteperu.com\/index.php\/wp-json\/wp\/v2\/media?parent=44505"}],"wp:term":[{"taxonomy":"category","embeddable":true,"href":"https:\/\/elinformanteperu.com\/index.php\/wp-json\/wp\/v2\/categories?post=44505"},{"taxonomy":"post_tag","embeddable":true,"href":"https:\/\/elinformanteperu.com\/index.php\/wp-json\/wp\/v2\/tags?post=44505"}],"curies":[{"name":"wp","href":"https:\/\/api.w.org\/{rel}","templated":true}]}}