{"id":44356,"date":"2019-02-21T00:24:40","date_gmt":"2019-02-21T05:24:40","guid":{"rendered":"http:\/\/elinformanteperu.com\/?p=44356"},"modified":"2019-02-21T00:24:40","modified_gmt":"2019-02-21T05:24:40","slug":"legado-de-bedoya-es-su-ejemplo-de-decencia-y-honestidad-destaca-presidente","status":"publish","type":"post","link":"https:\/\/elinformanteperu.com\/index.php\/2019\/02\/21\/legado-de-bedoya-es-su-ejemplo-de-decencia-y-honestidad-destaca-presidente\/","title":{"rendered":"Legado de Bedoya es su ejemplo de decencia y honestidad, destaca Presidente"},"content":{"rendered":"<p><strong><span style=\"color: #000000;\">El presidente Mart\u00edn Vizcarra, destac\u00f3 que el legado dejado por el l\u00edder hist\u00f3rico del PPC, Luis Bedoya Reyes,\u00a0 es su ejemplo de vida, de decencia, honestidad y entrega.<\/span><\/strong><\/p>\n<p><span style=\"color: #000000;\"><strong>Lima, 20 de Febrero 2019, (ANDINA).-<\/strong> El presidente de la Rep\u00fablica, Mart\u00edn Vizcarra, destac\u00f3 que el legado dejado por el l\u00edder hist\u00f3rico del Partido Popular Cristiano (PPC), Luis Bedoya Reyes, quien cumple 100 a\u00f1os, es su ejemplo de vida, de decencia, honestidad y entrega.<\/span><\/p>\n<p><span style=\"color: #000000;\">En el almuerzo de homenaje al l\u00edder pepecista, el mandatario sostuvo que a sus 100 a\u00f1os de vida, Bedoya entrega un largo listado de aportes como pol\u00edtico y como alcalde de Lima, con las obras importantes para la ciudad como la V\u00eda Expresa.<\/span><\/p>\n<p><span style=\"color: #000000;\">\u201cPero el principal legado que nos deja es el ejemplo de vida, el ejemplo de decencia, honestidad, entrega. En el momento en que la pol\u00edtica peruana pasa por momentos dif\u00edciles, nos deja fe, optimismo de que s\u00ed se puede hacer pol\u00edtica de la buena, no en teor\u00eda sino en la pr\u00e1ctica\u201d, afirm\u00f3.<\/span><\/p>\n<p><span style=\"color: #000000;\">Sostuvo que Bedoya Reyes es un referente para todos, por lo que, a nombre de la Naci\u00f3n, agradeci\u00f3 por su contribuci\u00f3n al pa\u00eds.<\/span><\/p>\n<p><span style=\"color: #000000;\">\u201cCuando m\u00e1s de un ciudadano se desencanta de la pol\u00edtica, solo falta mostrarle su ejemplo de vida para generar confianza y optimismo en el futuro, por eso como ciudadano le doy las gracias: gracias don Lucho por ser un referente y ejemplo para muchos, entre los cuales me considero\u201d, afirm\u00f3.<\/span><\/p>\n<p><span style=\"color: #000000;\">\u201cGracias por mostrar en los hechos que la pol\u00edtica es una actividad altruista y que es para servir a los dem\u00e1s y gracias por demostrarnos que su presencia a lo largo de toda su vida nos a va permitir a todos un ambiente con total pluralidad, a\u00f1adi\u00f3.<\/span><\/p>\n<p><span style=\"color: #000000;\">Dijo estar seguro de que si seguimos la l\u00ednea de sus ense\u00f1anzas, su recorrer en la pol\u00edtica, en su vida familiar, en su vida como ciudadano, el pa\u00eds si puede llegar al sue\u00f1o de Bedoya: un pa\u00eds con progreso y desarrollo que nos merecemos.<\/span><\/p>\n<p><span style=\"color: #000000;\">El jefe de Estado cont\u00f3 que la primera vez que tuvo referencia de Luis Bedoya Reyes fue a los 15 a\u00f1os, cuando su padre fue constituyente y le relat\u00f3 que hab\u00eda tenido un gesto de verdadero pol\u00edtico, de caballero, al cederle la presidencia de la Asamblea Constituyente al l\u00edder del Apra.<\/span><\/p>\n<p><span style=\"color: #000000;\">La val\u00eda de esa actitud, asegur\u00f3, es que pon\u00eda primero los intereses del Per\u00fa.<\/span><\/p>\n<p><img fetchpriority=\"high\" decoding=\"async\" class=\"aligncenter size-full wp-image-44359\" src=\"http:\/\/elinformanteperu.com\/wp-content\/uploads\/2019\/02\/bedoya-vizcarra3.jpg\" alt=\"\" width=\"1800\" height=\"1200\" srcset=\"https:\/\/elinformanteperu.com\/wp-content\/uploads\/2019\/02\/bedoya-vizcarra3.jpg 1800w, https:\/\/elinformanteperu.com\/wp-content\/uploads\/2019\/02\/bedoya-vizcarra3-300x200.jpg 300w, https:\/\/elinformanteperu.com\/wp-content\/uploads\/2019\/02\/bedoya-vizcarra3-768x512.jpg 768w, https:\/\/elinformanteperu.com\/wp-content\/uploads\/2019\/02\/bedoya-vizcarra3-1024x683.jpg 1024w, https:\/\/elinformanteperu.com\/wp-content\/uploads\/2019\/02\/bedoya-vizcarra3-128x85.jpg 128w, https:\/\/elinformanteperu.com\/wp-content\/uploads\/2019\/02\/bedoya-vizcarra3-32x21.jpg 32w\" sizes=\"(max-width: 1800px) 100vw, 1800px\" \/><\/p>\n","protected":false},"excerpt":{"rendered":"<p>El presidente Mart\u00edn Vizcarra, destac\u00f3 que el legado dejado por el l\u00edder hist\u00f3rico del PPC, Luis Bedoya Reyes,\u00a0 es su ejemplo de vida, de decencia, honestidad y entrega. Lima, 20 de Febrero 2019, (ANDINA).- El presidente de la Rep\u00fablica, Mart\u00edn Vizcarra, destac\u00f3 que el legado dejado por el l\u00edder hist\u00f3rico del Partido Popular Cristiano (PPC), [&hellip;]<\/p>\n","protected":false},"author":1,"featured_media":44358,"comment_status":"open","ping_status":"open","sticky":false,"template":"","format":"standard","meta":{"rop_custom_images_group":[],"rop_custom_messages_group":[],"rop_publish_now":"initial","rop_publish_now_accounts":[],"rop_publish_now_history":[],"rop_publish_now_status":"pending","footnotes":""},"categories":[5],"tags":[4209,289,566,455],"class_list":["post-44356","post","type-post","status-publish","format-standard","has-post-thumbnail","hentry","category-actualidad-informativa","tag-luis-bedoya-reyes","tag-martin-vizcarra","tag-partido-popular-cristiano","tag-ppc"],"_links":{"self":[{"href":"https:\/\/elinformanteperu.com\/index.php\/wp-json\/wp\/v2\/posts\/44356","targetHints":{"allow":["GET"]}}],"collection":[{"href":"https:\/\/elinformanteperu.com\/index.php\/wp-json\/wp\/v2\/posts"}],"about":[{"href":"https:\/\/elinformanteperu.com\/index.php\/wp-json\/wp\/v2\/types\/post"}],"author":[{"embeddable":true,"href":"https:\/\/elinformanteperu.com\/index.php\/wp-json\/wp\/v2\/users\/1"}],"replies":[{"embeddable":true,"href":"https:\/\/elinformanteperu.com\/index.php\/wp-json\/wp\/v2\/comments?post=44356"}],"version-history":[{"count":1,"href":"https:\/\/elinformanteperu.com\/index.php\/wp-json\/wp\/v2\/posts\/44356\/revisions"}],"predecessor-version":[{"id":44360,"href":"https:\/\/elinformanteperu.com\/index.php\/wp-json\/wp\/v2\/posts\/44356\/revisions\/44360"}],"wp:featuredmedia":[{"embeddable":true,"href":"https:\/\/elinformanteperu.com\/index.php\/wp-json\/wp\/v2\/media\/44358"}],"wp:attachment":[{"href":"https:\/\/elinformanteperu.com\/index.php\/wp-json\/wp\/v2\/media?parent=44356"}],"wp:term":[{"taxonomy":"category","embeddable":true,"href":"https:\/\/elinformanteperu.com\/index.php\/wp-json\/wp\/v2\/categories?post=44356"},{"taxonomy":"post_tag","embeddable":true,"href":"https:\/\/elinformanteperu.com\/index.php\/wp-json\/wp\/v2\/tags?post=44356"}],"curies":[{"name":"wp","href":"https:\/\/api.w.org\/{rel}","templated":true}]}}