{"id":44221,"date":"2019-02-19T23:31:09","date_gmt":"2019-02-20T04:31:09","guid":{"rendered":"http:\/\/elinformanteperu.com\/?p=44221"},"modified":"2019-02-19T23:31:09","modified_gmt":"2019-02-20T04:31:09","slug":"ipd-brindo-homenaje-a-daniel-peredo-al-conmemorar-el-primer-ano-de-su-partida","status":"publish","type":"post","link":"https:\/\/elinformanteperu.com\/index.php\/2019\/02\/19\/ipd-brindo-homenaje-a-daniel-peredo-al-conmemorar-el-primer-ano-de-su-partida\/","title":{"rendered":"IPD brind\u00f3 homenaje a Daniel Peredo al conmemorar el primer a\u00f1o de su partida"},"content":{"rendered":"<p><strong><span style=\"color: #000000;\">\u201cGloria a Per\u00fa en las alturas\u201d. \u201cLa toc\u00f3, la toc\u00f3, la toc\u00f3\u201d, fueron las frases de Daniel Peredo que volvi\u00f3 a retumbar el Estadio Nacional durante el homenaje rendido por el IPD.<\/span><\/strong><\/p>\n<p><span style=\"color: #000000;\"><strong>Lima, 19 de Febrero 2019, (ANDINA).-<\/strong> \u201cGloria a Per\u00fa en las alturas\u201d. \u201cLa toc\u00f3, la toc\u00f3, la toc\u00f3\u201d, \u201cun gol m\u00e1s va a haber\u201d, \u201cno hay mal que dure 36 a\u00f1os, ni f\u00fatbol peruano que lo resista\u201d, fueron las frases de Daniel Peredo que volvi\u00f3 a retumbar el Estadio Nacional durante el homenaje rendido por el Instituto Peruano del Deporte al cumplirse un a\u00f1o del fallecimiento del periodista.<\/span><\/p>\n<p><span style=\"color: #000000;\">La ceremonia se realiz\u00f3 durante la presentaci\u00f3n de la remodelada cabina 7 de transmisi\u00f3n, ubicada en el coloso de El Nacional.<\/span><\/p>\n<p><span style=\"color: #000000;\">El presidente del IPD, Sebasti\u00e1n Suito, encabez\u00f3 esta emotiva ceremonia a la que asisti\u00f3 la esposa del desaparecido periodista Daniel Peredo, Milagros Llamosas,<\/span><\/p>\n<p><span style=\"color: #000000;\">La ceremonia de la presentaci\u00f3n de la remodelada cabina de transmisi\u00f3n empez\u00f3 con una peque\u00f1a homil\u00eda a cargo de p\u00e1rroco Luis Gonz\u00e1les.<\/span><\/p>\n<p><span style=\"color: #000000;\">Tras la misa, Milagros Llamosas, quien estuvo acompa\u00f1ada de sus dos hijas, agradeci\u00f3 las muestras de afecto de las personas presentes.<\/span><\/p>\n<p><span style=\"color: #000000;\">\u201cDaniel fue un profesional a carta cabal y ha dejado un recuerdo inmenso en nosotros. Ha sido un hombre transparente y nos ha dejado como familia un gran ejemplo. Daniel ha dejado al Per\u00fa un legado que podemos trabajar humildemente y que cuando podemos hacer las cosas bien, la hacemos\u201d, se\u00f1al\u00f3 la hoy viuda del hombre de prensa.<\/span><\/p>\n<p><span style=\"color: #000000;\">Por su parte, el titular del IPD, resalt\u00f3 la intensidad que impregnaba Peredo cuando se trataba de transmitir un partido de la selecci\u00f3n nacional. Ese sentido, indic\u00f3 que el periodista le devolvi\u00f3 al pa\u00eds la fe por la Blanquirroja y deja muchos recuerdos. <\/span><\/p>\n<p><span style=\"color: #000000;\">\u201cDaniel ha sido un ejemplo para todos nosotros. El nos devolvi\u00f3 la fe en nuestra selecci\u00f3n, nos convenci\u00f3 que pod\u00edamos y pudimos. Le debemos much\u00edsimo como peruano. Daniel eres ejemplo como peruano y estamos convencidos que avanzaremos en formar un gran pa\u00eds. Gracias Milagros, gracias Daniel que dejas un gran legado como padre a tus hijas\u201d, expuso Suito.<\/span><\/p>\n<p><span style=\"color: #000000;\">Finalmente, la madre del futbolista Jefferson Farf\u00e1n, quien acudi\u00f3 a la homenaje, destac\u00f3 que su hijo ten\u00eda mucho aprecio al periodista.<\/span><\/p>\n<p><span style=\"color: #000000;\">\u201cMi hijo lo quer\u00eda mucho a Daniel Peredo. Fue muy importante en su carrera y sus narraciones lo motivaban. Creo que es muy bonito este homenaje que se ha realizado\u201d, finaliz\u00f3.<\/span><\/p>\n<p><img fetchpriority=\"high\" decoding=\"async\" class=\"aligncenter size-full wp-image-44224\" src=\"http:\/\/elinformanteperu.com\/wp-content\/uploads\/2019\/02\/ipd-peredo-homenaje1.jpg\" alt=\"\" width=\"1800\" height=\"1201\" srcset=\"https:\/\/elinformanteperu.com\/wp-content\/uploads\/2019\/02\/ipd-peredo-homenaje1.jpg 1800w, https:\/\/elinformanteperu.com\/wp-content\/uploads\/2019\/02\/ipd-peredo-homenaje1-300x200.jpg 300w, https:\/\/elinformanteperu.com\/wp-content\/uploads\/2019\/02\/ipd-peredo-homenaje1-768x512.jpg 768w, https:\/\/elinformanteperu.com\/wp-content\/uploads\/2019\/02\/ipd-peredo-homenaje1-1024x683.jpg 1024w, https:\/\/elinformanteperu.com\/wp-content\/uploads\/2019\/02\/ipd-peredo-homenaje1-128x85.jpg 128w, https:\/\/elinformanteperu.com\/wp-content\/uploads\/2019\/02\/ipd-peredo-homenaje1-32x21.jpg 32w\" sizes=\"(max-width: 1800px) 100vw, 1800px\" \/><\/p>\n","protected":false},"excerpt":{"rendered":"<p>\u201cGloria a Per\u00fa en las alturas\u201d. \u201cLa toc\u00f3, la toc\u00f3, la toc\u00f3\u201d, fueron las frases de Daniel Peredo que volvi\u00f3 a retumbar el Estadio Nacional durante el homenaje rendido por el IPD. Lima, 19 de Febrero 2019, (ANDINA).- \u201cGloria a Per\u00fa en las alturas\u201d. \u201cLa toc\u00f3, la toc\u00f3, la toc\u00f3\u201d, \u201cun gol m\u00e1s va a [&hellip;]<\/p>\n","protected":false},"author":1,"featured_media":44223,"comment_status":"open","ping_status":"open","sticky":false,"template":"","format":"standard","meta":{"rop_custom_images_group":[],"rop_custom_messages_group":[],"rop_publish_now":"initial","rop_publish_now_accounts":[],"rop_publish_now_history":[],"rop_publish_now_status":"pending","footnotes":""},"categories":[8],"tags":[2831,417],"class_list":["post-44221","post","type-post","status-publish","format-standard","has-post-thumbnail","hentry","category-disciplinas-deportivas","tag-daniel-peredo","tag-ipd"],"_links":{"self":[{"href":"https:\/\/elinformanteperu.com\/index.php\/wp-json\/wp\/v2\/posts\/44221","targetHints":{"allow":["GET"]}}],"collection":[{"href":"https:\/\/elinformanteperu.com\/index.php\/wp-json\/wp\/v2\/posts"}],"about":[{"href":"https:\/\/elinformanteperu.com\/index.php\/wp-json\/wp\/v2\/types\/post"}],"author":[{"embeddable":true,"href":"https:\/\/elinformanteperu.com\/index.php\/wp-json\/wp\/v2\/users\/1"}],"replies":[{"embeddable":true,"href":"https:\/\/elinformanteperu.com\/index.php\/wp-json\/wp\/v2\/comments?post=44221"}],"version-history":[{"count":1,"href":"https:\/\/elinformanteperu.com\/index.php\/wp-json\/wp\/v2\/posts\/44221\/revisions"}],"predecessor-version":[{"id":44225,"href":"https:\/\/elinformanteperu.com\/index.php\/wp-json\/wp\/v2\/posts\/44221\/revisions\/44225"}],"wp:featuredmedia":[{"embeddable":true,"href":"https:\/\/elinformanteperu.com\/index.php\/wp-json\/wp\/v2\/media\/44223"}],"wp:attachment":[{"href":"https:\/\/elinformanteperu.com\/index.php\/wp-json\/wp\/v2\/media?parent=44221"}],"wp:term":[{"taxonomy":"category","embeddable":true,"href":"https:\/\/elinformanteperu.com\/index.php\/wp-json\/wp\/v2\/categories?post=44221"},{"taxonomy":"post_tag","embeddable":true,"href":"https:\/\/elinformanteperu.com\/index.php\/wp-json\/wp\/v2\/tags?post=44221"}],"curies":[{"name":"wp","href":"https:\/\/api.w.org\/{rel}","templated":true}]}}