{"id":44209,"date":"2019-02-19T23:19:33","date_gmt":"2019-02-20T04:19:33","guid":{"rendered":"http:\/\/elinformanteperu.com\/?p=44209"},"modified":"2019-02-19T23:19:33","modified_gmt":"2019-02-20T04:19:33","slug":"seleccion-peruana-gareca-se-reunio-con-ramon-diaz-para-hablar-de-benavente","status":"publish","type":"post","link":"https:\/\/elinformanteperu.com\/index.php\/2019\/02\/19\/seleccion-peruana-gareca-se-reunio-con-ramon-diaz-para-hablar-de-benavente\/","title":{"rendered":"Selecci\u00f3n peruana: Gareca se reuni\u00f3 con Ram\u00f3n D\u00edaz para hablar de Benavente"},"content":{"rendered":"<p><strong><span style=\"color: #000000;\">El t\u00e9cnico de la selecci\u00f3n peruana, Ricardo Gareca, se reuni\u00f3 con su par Ram\u00f3n D\u00edaz con el objetivo de saber m\u00e1s de cerca sobre el rendimiento de Cristi\u00e1n Benavente.<\/span><\/strong><\/p>\n<p><span style=\"color: #000000;\"><strong>El Cairo, 19 de Febrero 2019, (ANDINA).-<\/strong> El t\u00e9cnico de la selecci\u00f3n peruana, Ricardo Gareca, se reuni\u00f3 con su par Ram\u00f3n D\u00edaz con el objetivo de saber m\u00e1s de cerca sobre el rendimiento de Cristi\u00e1n Benavente, quien milita en el f\u00fatbol de Egipto.<\/span><\/p>\n<p><span style=\"color: #000000;\">\u00abQue lindo recibir la visita de un amigo. Gracias por venir flaco. \u00c9xitos en todo lo que viene\u00bb, public\u00f3 D\u00edaz en su cuenta de Twitter.<\/span><\/p>\n<p><span style=\"color: #000000;\">Fue el propio Ram\u00f3n D\u00edaz quien comparti\u00f3 una fotograf\u00eda junto al &#8216;Tigre&#8217; y el preparador f\u00edsico de la &#8216;bicolor&#8217;, N\u00e9stor Bonillo.<\/span><\/p>\n<p><span style=\"color: #000000;\">El &#8216;Pelado&#8217; fue anunciado unas semanas atr\u00e1s como nuevo t\u00e9cnico del Pyramids FC, club de Cristian Benavente desde enero. El ex estratega de River Plate se hizo una fotograf\u00eda junto a Ricardo Gareca y N\u00e9stor Bonillo, preparador f\u00edsico de la selecci\u00f3n peruana.<\/span><\/p>\n<p><img fetchpriority=\"high\" decoding=\"async\" class=\"aligncenter size-full wp-image-31711\" src=\"http:\/\/elinformanteperu.com\/wp-content\/uploads\/2018\/08\/ricardo-gareca-jugando.jpg\" alt=\"\" width=\"1800\" height=\"1200\" srcset=\"https:\/\/elinformanteperu.com\/wp-content\/uploads\/2018\/08\/ricardo-gareca-jugando.jpg 1800w, https:\/\/elinformanteperu.com\/wp-content\/uploads\/2018\/08\/ricardo-gareca-jugando-300x200.jpg 300w, https:\/\/elinformanteperu.com\/wp-content\/uploads\/2018\/08\/ricardo-gareca-jugando-768x512.jpg 768w, https:\/\/elinformanteperu.com\/wp-content\/uploads\/2018\/08\/ricardo-gareca-jugando-1024x683.jpg 1024w, https:\/\/elinformanteperu.com\/wp-content\/uploads\/2018\/08\/ricardo-gareca-jugando-128x85.jpg 128w, https:\/\/elinformanteperu.com\/wp-content\/uploads\/2018\/08\/ricardo-gareca-jugando-32x21.jpg 32w\" sizes=\"(max-width: 1800px) 100vw, 1800px\" \/><\/p>\n","protected":false},"excerpt":{"rendered":"<p>El t\u00e9cnico de la selecci\u00f3n peruana, Ricardo Gareca, se reuni\u00f3 con su par Ram\u00f3n D\u00edaz con el objetivo de saber m\u00e1s de cerca sobre el rendimiento de Cristi\u00e1n Benavente. El Cairo, 19 de Febrero 2019, (ANDINA).- El t\u00e9cnico de la selecci\u00f3n peruana, Ricardo Gareca, se reuni\u00f3 con su par Ram\u00f3n D\u00edaz con el objetivo de [&hellip;]<\/p>\n","protected":false},"author":1,"featured_media":44211,"comment_status":"open","ping_status":"open","sticky":false,"template":"","format":"standard","meta":{"rop_custom_images_group":[],"rop_custom_messages_group":[],"rop_publish_now":"initial","rop_publish_now_accounts":[],"rop_publish_now_history":[],"rop_publish_now_status":"pending","footnotes":""},"categories":[8],"tags":[879,4204,92],"class_list":["post-44209","post","type-post","status-publish","format-standard","has-post-thumbnail","hentry","category-disciplinas-deportivas","tag-cristian-benavente","tag-ramon-diaz","tag-ricardo-gareca"],"_links":{"self":[{"href":"https:\/\/elinformanteperu.com\/index.php\/wp-json\/wp\/v2\/posts\/44209","targetHints":{"allow":["GET"]}}],"collection":[{"href":"https:\/\/elinformanteperu.com\/index.php\/wp-json\/wp\/v2\/posts"}],"about":[{"href":"https:\/\/elinformanteperu.com\/index.php\/wp-json\/wp\/v2\/types\/post"}],"author":[{"embeddable":true,"href":"https:\/\/elinformanteperu.com\/index.php\/wp-json\/wp\/v2\/users\/1"}],"replies":[{"embeddable":true,"href":"https:\/\/elinformanteperu.com\/index.php\/wp-json\/wp\/v2\/comments?post=44209"}],"version-history":[{"count":1,"href":"https:\/\/elinformanteperu.com\/index.php\/wp-json\/wp\/v2\/posts\/44209\/revisions"}],"predecessor-version":[{"id":44212,"href":"https:\/\/elinformanteperu.com\/index.php\/wp-json\/wp\/v2\/posts\/44209\/revisions\/44212"}],"wp:featuredmedia":[{"embeddable":true,"href":"https:\/\/elinformanteperu.com\/index.php\/wp-json\/wp\/v2\/media\/44211"}],"wp:attachment":[{"href":"https:\/\/elinformanteperu.com\/index.php\/wp-json\/wp\/v2\/media?parent=44209"}],"wp:term":[{"taxonomy":"category","embeddable":true,"href":"https:\/\/elinformanteperu.com\/index.php\/wp-json\/wp\/v2\/categories?post=44209"},{"taxonomy":"post_tag","embeddable":true,"href":"https:\/\/elinformanteperu.com\/index.php\/wp-json\/wp\/v2\/tags?post=44209"}],"curies":[{"name":"wp","href":"https:\/\/api.w.org\/{rel}","templated":true}]}}