{"id":43495,"date":"2019-02-08T21:50:41","date_gmt":"2019-02-09T02:50:41","guid":{"rendered":"http:\/\/elinformanteperu.com\/?p=43495"},"modified":"2019-02-08T21:50:41","modified_gmt":"2019-02-09T02:50:41","slug":"cusco-hallan-restos-oseos-humanos-ceramicas-y-pintura-rupestre-en-chumbivilcas","status":"publish","type":"post","link":"https:\/\/elinformanteperu.com\/index.php\/2019\/02\/08\/cusco-hallan-restos-oseos-humanos-ceramicas-y-pintura-rupestre-en-chumbivilcas\/","title":{"rendered":"Cusco: hallan restos \u00f3seos humanos, cer\u00e1micas y pintura rupestre en Chumbivilcas"},"content":{"rendered":"<p><strong><span style=\"color: #000000;\">Restos \u00f3seos, cer\u00e1micas y hasta pintura rupestre fueron hallados de manera fortuita en una red de seis galer\u00edas subterr\u00e1neas en la provincia cusque\u00f1a de Chumbivilcas.<\/span><\/strong><\/p>\n<p><span style=\"color: #000000;\"><strong>Cusco, 08 de Febrero 2019, (ANDINA).-<\/strong> Restos \u00f3seos, cer\u00e1micas y hasta pintura rupestre fueron hallados de manera fortuita en una red de seis galer\u00edas subterr\u00e1neas, durante los trabajos de remoci\u00f3n de tierras en una ladera de la urbanizaci\u00f3n Juan Velasco Alvarado del distrito de Colquemarca, provincia cusque\u00f1a de Chumbivilcas.<\/span><\/p>\n<p><span style=\"color: #000000;\">La Direcci\u00f3n Desconcentrada de Cultura (DDC) Cusco confirm\u00f3 que al ingresar por un orificio se evidenciaron en las galer\u00edas los restos \u00f3seos humanos y 25 fragmentos de cer\u00e1mica que corresponden a golletes, bases, bordes y cuerpos de vasijas con caracter\u00edsticas prehisp\u00e1nicas.<\/span><\/p>\n<p><span style=\"color: #000000;\">Asimismo, en la galer\u00eda 3 se descubri\u00f3 que uno de los lados de la pared est\u00e1 enlucido y presenta pintura rupestre de color rojo con representaciones zoomorfas.<\/span><\/p>\n<p><img fetchpriority=\"high\" decoding=\"async\" class=\"aligncenter size-full wp-image-43498\" src=\"http:\/\/elinformanteperu.com\/wp-content\/uploads\/2019\/02\/cusco-restos-chumbivilca1.jpg\" alt=\"\" width=\"500\" height=\"333\" srcset=\"https:\/\/elinformanteperu.com\/wp-content\/uploads\/2019\/02\/cusco-restos-chumbivilca1.jpg 500w, https:\/\/elinformanteperu.com\/wp-content\/uploads\/2019\/02\/cusco-restos-chumbivilca1-300x200.jpg 300w, https:\/\/elinformanteperu.com\/wp-content\/uploads\/2019\/02\/cusco-restos-chumbivilca1-128x85.jpg 128w, https:\/\/elinformanteperu.com\/wp-content\/uploads\/2019\/02\/cusco-restos-chumbivilca1-32x21.jpg 32w\" sizes=\"(max-width: 500px) 100vw, 500px\" \/><\/p>\n<p><span style=\"color: #000000;\">\u201cEs un patrimonio muy importante que debe ser registrado para su posterior recuperaci\u00f3n integral\u201d, afirm\u00f3 el director de la DDC Cusco, Luis Nieto Degregori, quien dispuso que se elaboren los proyectos t\u00e9cnicos correspondientes.<\/span><\/p>\n<p><span style=\"color: #000000;\">La constataci\u00f3n de este hallazgo la realiz\u00f3 el equipo t\u00e9cnico de la entidad con participaci\u00f3n de las autoridades locales, Polic\u00eda Nacional y pobladores de la zona.<\/span><\/p>\n<p><span style=\"color: #000000;\">El objetivo es evitar la depredaci\u00f3n de estas evidencias culturales, previa coordinaci\u00f3n con las autoridades locales y poblaci\u00f3n, el personal de la Direcci\u00f3n Desconcentrada de Cultura de Cusco procedi\u00f3 al tapiado temporal del acceso a las galer\u00edas.<\/span><\/p>\n<p><span style=\"color: #000000;\">De igual modo, las piezas de cer\u00e1mica prehisp\u00e1nica se encuentran en custodia del personal profesional de la Coordinaci\u00f3n de Zonas y Sitios Arqueol\u00f3gicos de Chumbivilcas.<\/span><\/p>\n<p><img decoding=\"async\" class=\"aligncenter size-full wp-image-43499\" src=\"http:\/\/elinformanteperu.com\/wp-content\/uploads\/2019\/02\/cusco-restos-chumbivilca2.jpg\" alt=\"\" width=\"500\" height=\"333\" srcset=\"https:\/\/elinformanteperu.com\/wp-content\/uploads\/2019\/02\/cusco-restos-chumbivilca2.jpg 500w, https:\/\/elinformanteperu.com\/wp-content\/uploads\/2019\/02\/cusco-restos-chumbivilca2-300x200.jpg 300w, https:\/\/elinformanteperu.com\/wp-content\/uploads\/2019\/02\/cusco-restos-chumbivilca2-128x85.jpg 128w, https:\/\/elinformanteperu.com\/wp-content\/uploads\/2019\/02\/cusco-restos-chumbivilca2-32x21.jpg 32w\" sizes=\"(max-width: 500px) 100vw, 500px\" \/><\/p>\n","protected":false},"excerpt":{"rendered":"<p>Restos \u00f3seos, cer\u00e1micas y hasta pintura rupestre fueron hallados de manera fortuita en una red de seis galer\u00edas subterr\u00e1neas en la provincia cusque\u00f1a de Chumbivilcas. Cusco, 08 de Febrero 2019, (ANDINA).- Restos \u00f3seos, cer\u00e1micas y hasta pintura rupestre fueron hallados de manera fortuita en una red de seis galer\u00edas subterr\u00e1neas, durante los trabajos de remoci\u00f3n [&hellip;]<\/p>\n","protected":false},"author":1,"featured_media":43497,"comment_status":"open","ping_status":"open","sticky":false,"template":"","format":"standard","meta":{"rop_custom_images_group":[],"rop_custom_messages_group":[],"rop_publish_now":"initial","rop_publish_now_accounts":[],"rop_publish_now_history":[],"rop_publish_now_status":"pending","footnotes":""},"categories":[10],"tags":[598,1226],"class_list":["post-43495","post","type-post","status-publish","format-standard","has-post-thumbnail","hentry","category-actualidad-municipal","tag-chumbivilcas","tag-cusco"],"_links":{"self":[{"href":"https:\/\/elinformanteperu.com\/index.php\/wp-json\/wp\/v2\/posts\/43495","targetHints":{"allow":["GET"]}}],"collection":[{"href":"https:\/\/elinformanteperu.com\/index.php\/wp-json\/wp\/v2\/posts"}],"about":[{"href":"https:\/\/elinformanteperu.com\/index.php\/wp-json\/wp\/v2\/types\/post"}],"author":[{"embeddable":true,"href":"https:\/\/elinformanteperu.com\/index.php\/wp-json\/wp\/v2\/users\/1"}],"replies":[{"embeddable":true,"href":"https:\/\/elinformanteperu.com\/index.php\/wp-json\/wp\/v2\/comments?post=43495"}],"version-history":[{"count":1,"href":"https:\/\/elinformanteperu.com\/index.php\/wp-json\/wp\/v2\/posts\/43495\/revisions"}],"predecessor-version":[{"id":43500,"href":"https:\/\/elinformanteperu.com\/index.php\/wp-json\/wp\/v2\/posts\/43495\/revisions\/43500"}],"wp:featuredmedia":[{"embeddable":true,"href":"https:\/\/elinformanteperu.com\/index.php\/wp-json\/wp\/v2\/media\/43497"}],"wp:attachment":[{"href":"https:\/\/elinformanteperu.com\/index.php\/wp-json\/wp\/v2\/media?parent=43495"}],"wp:term":[{"taxonomy":"category","embeddable":true,"href":"https:\/\/elinformanteperu.com\/index.php\/wp-json\/wp\/v2\/categories?post=43495"},{"taxonomy":"post_tag","embeddable":true,"href":"https:\/\/elinformanteperu.com\/index.php\/wp-json\/wp\/v2\/tags?post=43495"}],"curies":[{"name":"wp","href":"https:\/\/api.w.org\/{rel}","templated":true}]}}