{"id":43490,"date":"2019-02-08T21:43:15","date_gmt":"2019-02-09T02:43:15","guid":{"rendered":"http:\/\/elinformanteperu.com\/?p=43490"},"modified":"2019-02-08T21:43:15","modified_gmt":"2019-02-09T02:43:15","slug":"al-menos-diez-muertos-deja-incendio-en-sede-del-flamengo","status":"publish","type":"post","link":"https:\/\/elinformanteperu.com\/index.php\/2019\/02\/08\/al-menos-diez-muertos-deja-incendio-en-sede-del-flamengo\/","title":{"rendered":"Al menos diez muertos deja incendio en sede del Flamengo"},"content":{"rendered":"<p><strong><span style=\"color: #000000;\">Al menos diez personas murieron en la madrugada de este viernes en la zona oeste de Rio de Janeiro en un incendio en un centro de entrenamiento del club de f\u00fatbol Flamengo.<\/span><\/strong><\/p>\n<p><span style=\"color: #000000;\"><strong>R\u00edo de Janeiro, 08 de Febrero 2019, (ANDINA).-<\/strong> Al menos diez personas murieron en la madrugada de este viernes en la zona oeste de Rio de Janeiro en un incendio en un centro de entrenamiento del club de f\u00fatbol Flamengo, informaron los bomberos.<\/span><\/p>\n<p><span style=\"color: #000000;\">Las instalaciones afectadas funcionaban como alojamiento de j\u00f3venes atletas de las categor\u00edas de base, seg\u00fan una portavoz de los bomberos dijo a la AFP, aunque no es posible confirmar a\u00fan la identidad de las v\u00edctimas ni las causas del incendio.<\/span><\/p>\n<p><span style=\"color: #000000;\"><strong>Seis atletas y cuatro trabajadores<\/strong>.<\/span><\/p>\n<p><span style=\"color: #000000;\">Tres personas resultaron heridas y fueron trasladadas a un hospital municipal. Las llamas comenzaron alrededor de las 05H00 locales (07H00 GMT) y fueron contenidas dos horas despu\u00e9s.<\/span><\/p>\n<p><span style=\"color: #000000;\">Familiares y amigos angustiados empezaron a llegar al centro de entrenamiento buscando informaci\u00f3n, mostr\u00f3 el canal Sport TV, que afirm\u00f3 que el presidente de Flamengo, Rodolfo Landim, estaba traslad\u00e1ndose al lugar, a unos 50 km del centro de Rio.<\/span><\/p>\n<p><span style=\"color: #000000;\">En las modernas instalaciones del llamado \u00abNinho do Urubu\u00bb (Nido de Urub\u00fa) entrenan tanto el equipo profesional como las categor\u00edas de base del popular club carioca, que re\u00fane adolescentes de todas las regiones del pa\u00eds.<\/span><\/p>\n<p><span style=\"color: #000000;\">El primer equipo del Flamengo ten\u00eda previsto entrenar en ese centro a las 09H30, hora local, la \u00faltima pr\u00e1ctica antes del cl\u00e1sico contra el Fluminense de este s\u00e1bado.<\/span><\/p>\n<p><span style=\"color: #000000;\">La Federaci\u00f3n de F\u00fatbol de Rio de Janeiro (FERJ) lament\u00f3 la tragedia y convoc\u00f3 una reuni\u00f3n con dirigentes del Flamengo y del Fluminense para decidir la cancelaci\u00f3n de ese partido, por la semifinal de la Copa Guanabara. \u00abNo hay clima\u00bb para jugar, tuite\u00f3 la FERJ.<\/span><\/p>\n<p><span style=\"color: #000000;\">La zona oeste de Rio fue una de las m\u00e1s afectadas por un temporal el mi\u00e9rcoles por la noche y de acuerdo con el sitio de noticias G1, el centro de entrenamiento continuaba sin luz y sin agua corriente debido a las fuertes lluvias.<\/span><\/p>\n<p><strong><span style=\"color: #000000;\">El luto del Flamengo<\/span><\/strong><\/p>\n<p><span style=\"color: #000000;\">\u00abEl Flamengo est\u00e1 de luto\u00bb, tuite\u00f3 el club sobre una imagen de fondo negro, en medio de expresiones de solidaridad del mundo el deporte.<\/span><\/p>\n<p><span style=\"color: #000000;\">\u00abNuestros pensamientos est\u00e1n con las v\u00edctimas y sus familiares\u00bb, tuite\u00f3 Fluminense.<\/span><\/p>\n<p><span style=\"color: #000000;\">El jugador del Real Madrid Vinicius Junior, que se form\u00f3 en las categor\u00edas de base del Flamengo, tambi\u00e9n lament\u00f3 lo ocurrido: \u00ab\u00a1Qu\u00e9 noticia triste! Oremos por todos. Fuerza, fuerza, fuerza\u00bb.<\/span><\/p>\n<p><span style=\"color: #000000;\">\u00ab\u00a1Se me eriza la piel al recordar todas las noches que pas\u00e9 en el centro de entrenamiento! Todav\u00eda no creo [lo que ocurri\u00f3]\u00bb, a\u00f1adi\u00f3 el jugador de 18 a\u00f1os.<\/span><\/p>\n<p><span style=\"color: #000000;\">\u00abEstamos en shock con el tr\u00e1gico incendio en el Ninho do Urub\u00fa\u00bb, afirm\u00f3 el Corinthians.<\/span><\/p>\n<p><span style=\"color: #000000;\">\u00abHoy es un d\u00eda muy triste (&#8230;). Tenemos que dar asistencia a las v\u00edctimas, principalmente porque la mayor\u00eda no son de Rio\u00bb, explic\u00f3 el secretario de Deportes, Ocio y Juventud del Estado de Rio.<\/span><\/p>\n<p><img fetchpriority=\"high\" decoding=\"async\" class=\"aligncenter  wp-image-43493\" src=\"http:\/\/elinformanteperu.com\/wp-content\/uploads\/2019\/02\/Flamengo-Luto.jpg\" alt=\"\" width=\"411\" height=\"441\" srcset=\"https:\/\/elinformanteperu.com\/wp-content\/uploads\/2019\/02\/Flamengo-Luto.jpg 521w, https:\/\/elinformanteperu.com\/wp-content\/uploads\/2019\/02\/Flamengo-Luto-280x300.jpg 280w, https:\/\/elinformanteperu.com\/wp-content\/uploads\/2019\/02\/Flamengo-Luto-119x128.jpg 119w, https:\/\/elinformanteperu.com\/wp-content\/uploads\/2019\/02\/Flamengo-Luto-30x32.jpg 30w\" sizes=\"(max-width: 411px) 100vw, 411px\" \/><\/p>\n","protected":false},"excerpt":{"rendered":"<p>Al menos diez personas murieron en la madrugada de este viernes en la zona oeste de Rio de Janeiro en un incendio en un centro de entrenamiento del club de f\u00fatbol Flamengo. R\u00edo de Janeiro, 08 de Febrero 2019, (ANDINA).- Al menos diez personas murieron en la madrugada de este viernes en la zona oeste [&hellip;]<\/p>\n","protected":false},"author":1,"featured_media":43492,"comment_status":"open","ping_status":"open","sticky":false,"template":"","format":"standard","meta":{"rop_custom_images_group":[],"rop_custom_messages_group":[],"rop_publish_now":"initial","rop_publish_now_accounts":[],"rop_publish_now_history":[],"rop_publish_now_status":"pending","footnotes":""},"categories":[8],"tags":[227],"class_list":["post-43490","post","type-post","status-publish","format-standard","has-post-thumbnail","hentry","category-disciplinas-deportivas","tag-flamengo"],"_links":{"self":[{"href":"https:\/\/elinformanteperu.com\/index.php\/wp-json\/wp\/v2\/posts\/43490","targetHints":{"allow":["GET"]}}],"collection":[{"href":"https:\/\/elinformanteperu.com\/index.php\/wp-json\/wp\/v2\/posts"}],"about":[{"href":"https:\/\/elinformanteperu.com\/index.php\/wp-json\/wp\/v2\/types\/post"}],"author":[{"embeddable":true,"href":"https:\/\/elinformanteperu.com\/index.php\/wp-json\/wp\/v2\/users\/1"}],"replies":[{"embeddable":true,"href":"https:\/\/elinformanteperu.com\/index.php\/wp-json\/wp\/v2\/comments?post=43490"}],"version-history":[{"count":1,"href":"https:\/\/elinformanteperu.com\/index.php\/wp-json\/wp\/v2\/posts\/43490\/revisions"}],"predecessor-version":[{"id":43494,"href":"https:\/\/elinformanteperu.com\/index.php\/wp-json\/wp\/v2\/posts\/43490\/revisions\/43494"}],"wp:featuredmedia":[{"embeddable":true,"href":"https:\/\/elinformanteperu.com\/index.php\/wp-json\/wp\/v2\/media\/43492"}],"wp:attachment":[{"href":"https:\/\/elinformanteperu.com\/index.php\/wp-json\/wp\/v2\/media?parent=43490"}],"wp:term":[{"taxonomy":"category","embeddable":true,"href":"https:\/\/elinformanteperu.com\/index.php\/wp-json\/wp\/v2\/categories?post=43490"},{"taxonomy":"post_tag","embeddable":true,"href":"https:\/\/elinformanteperu.com\/index.php\/wp-json\/wp\/v2\/tags?post=43490"}],"curies":[{"name":"wp","href":"https:\/\/api.w.org\/{rel}","templated":true}]}}