{"id":43258,"date":"2019-02-06T06:22:19","date_gmt":"2019-02-06T11:22:19","guid":{"rendered":"http:\/\/elinformanteperu.com\/?p=43258"},"modified":"2019-02-06T06:22:19","modified_gmt":"2019-02-06T11:22:19","slug":"fuerza-popular-rechaza-haber-blindado-a-edwin-donayre","status":"publish","type":"post","link":"https:\/\/elinformanteperu.com\/index.php\/2019\/02\/06\/fuerza-popular-rechaza-haber-blindado-a-edwin-donayre\/","title":{"rendered":"Fuerza Popular rechaza haber \u00abblindado\u00bb a Edwin Donayre"},"content":{"rendered":"<p><strong><span style=\"color: #000000;\">El vocero de la bancada Fuerza Popular, Carlos Tubino, neg\u00f3 que su agrupaci\u00f3n haya \u00abblindado\u00bb a Edwin Donayre al pedir que el levantamiento de su inmunidad no sea visto.<\/span><\/strong><\/p>\n<p><span style=\"color: #000000;\"><strong>Lima, 05 de Febrero 2019, (ANDINA).-<\/strong> El vocero de la bancada Fuerza Popular, Carlos Tubino, neg\u00f3 que su agrupaci\u00f3n haya \u00abblindado\u00bb a Edwin Donayre al pedir que el levantamiento de su inmunidad no sea visto sin antes tener la opini\u00f3n consultiva de la Comisi\u00f3n de Constituci\u00f3n.<\/span><\/p>\n<p><span style=\"color: #000000;\">\u00abEstamos actuando con correcci\u00f3n, igual hemos actuado en el caso de Donayre, y no con prepotencia como \u00faltimamente se ha visto ac\u00e1 en el Congreso\u00bb, declar\u00f3 a la prensa.<\/span><\/p>\n<p><span style=\"color: #000000;\">Seg\u00fan dijo, la Comisi\u00f3n de Constituci\u00f3n a\u00fan no se ha pronunciado sobre el caso del referido legislador debido a que estuvo dedicada al debate de la Junta Nacional de Justicia y al refer\u00e9ndum.<\/span><\/p>\n<p><span style=\"color: #000000;\">\u00abNo es una comisi\u00f3n que ha estado de brazos cruzados\u00bb, argument\u00f3 el parlamentario tras referir que en algunas ocasiones no hubo el qu\u00f3rum necesario por la ausencia, sobre todo, de congresistas de izquierda.<\/span><\/p>\n<p><span style=\"color: #000000;\">Para Tubino, la posici\u00f3n de Fuerza Popular en el caso Donayre es la ver, antes que todo, los derechos constitucionales en el Congreso.<\/span><\/p>\n<p><span style=\"color: #000000;\">Como se sabe, la Comisi\u00f3n de Levantamiento de Inmunidad Parlamentaria del Congreso posterg\u00f3 el debate de admisi\u00f3n a tr\u00e1mite del levantamiento del fuero de Edwin Donayre hasta recibir el informe solicitado a la Comisi\u00f3n de Constituci\u00f3n sobre la sentencia que pesa contra dicho legislador.<\/span><\/p>\n<p><span style=\"color: #000000;\">La medida fue adoptada por mayor\u00eda, a propuesta de Carlos Tubino.<\/span><\/p>\n<p><span style=\"color: #000000;\">Luciana Le\u00f3n, titular de la comisi\u00f3n, lament\u00f3 lo sucedido al referir que la idea era votar en la sesi\u00f3n de hoy para admitir a tr\u00e1mite el predictamen de levantamiento del fuero parlamentario de Donayre y se ejecute su sentencia de cinco a\u00f1os y seis meses de prisi\u00f3n.<\/span><\/p>\n","protected":false},"excerpt":{"rendered":"<p>El vocero de la bancada Fuerza Popular, Carlos Tubino, neg\u00f3 que su agrupaci\u00f3n haya \u00abblindado\u00bb a Edwin Donayre al pedir que el levantamiento de su inmunidad no sea visto. Lima, 05 de Febrero 2019, (ANDINA).- El vocero de la bancada Fuerza Popular, Carlos Tubino, neg\u00f3 que su agrupaci\u00f3n haya \u00abblindado\u00bb a Edwin Donayre al pedir [&hellip;]<\/p>\n","protected":false},"author":1,"featured_media":37494,"comment_status":"open","ping_status":"open","sticky":false,"template":"","format":"standard","meta":{"rop_custom_images_group":[],"rop_custom_messages_group":[],"rop_publish_now":"initial","rop_publish_now_accounts":[],"rop_publish_now_history":[],"rop_publish_now_status":"pending","footnotes":""},"categories":[5],"tags":[1618,192,295,2929],"class_list":["post-43258","post","type-post","status-publish","format-standard","has-post-thumbnail","hentry","category-actualidad-informativa","tag-carlos-tubino","tag-congreso","tag-fuerza-popular","tag-moises-mamani"],"_links":{"self":[{"href":"https:\/\/elinformanteperu.com\/index.php\/wp-json\/wp\/v2\/posts\/43258","targetHints":{"allow":["GET"]}}],"collection":[{"href":"https:\/\/elinformanteperu.com\/index.php\/wp-json\/wp\/v2\/posts"}],"about":[{"href":"https:\/\/elinformanteperu.com\/index.php\/wp-json\/wp\/v2\/types\/post"}],"author":[{"embeddable":true,"href":"https:\/\/elinformanteperu.com\/index.php\/wp-json\/wp\/v2\/users\/1"}],"replies":[{"embeddable":true,"href":"https:\/\/elinformanteperu.com\/index.php\/wp-json\/wp\/v2\/comments?post=43258"}],"version-history":[{"count":1,"href":"https:\/\/elinformanteperu.com\/index.php\/wp-json\/wp\/v2\/posts\/43258\/revisions"}],"predecessor-version":[{"id":43260,"href":"https:\/\/elinformanteperu.com\/index.php\/wp-json\/wp\/v2\/posts\/43258\/revisions\/43260"}],"wp:featuredmedia":[{"embeddable":true,"href":"https:\/\/elinformanteperu.com\/index.php\/wp-json\/wp\/v2\/media\/37494"}],"wp:attachment":[{"href":"https:\/\/elinformanteperu.com\/index.php\/wp-json\/wp\/v2\/media?parent=43258"}],"wp:term":[{"taxonomy":"category","embeddable":true,"href":"https:\/\/elinformanteperu.com\/index.php\/wp-json\/wp\/v2\/categories?post=43258"},{"taxonomy":"post_tag","embeddable":true,"href":"https:\/\/elinformanteperu.com\/index.php\/wp-json\/wp\/v2\/tags?post=43258"}],"curies":[{"name":"wp","href":"https:\/\/api.w.org\/{rel}","templated":true}]}}