{"id":43224,"date":"2019-02-05T21:28:23","date_gmt":"2019-02-06T02:28:23","guid":{"rendered":"http:\/\/elinformanteperu.com\/?p=43224"},"modified":"2019-02-05T21:28:23","modified_gmt":"2019-02-06T02:28:23","slug":"fiscalia-pide-20-anos-de-carcel-para-exgobernador-de-ancash-waldo-rios","status":"publish","type":"post","link":"https:\/\/elinformanteperu.com\/index.php\/2019\/02\/05\/fiscalia-pide-20-anos-de-carcel-para-exgobernador-de-ancash-waldo-rios\/","title":{"rendered":"Fiscal\u00eda pide 20 a\u00f1os de c\u00e1rcel para exgobernador de \u00c1ncash, Waldo R\u00edos"},"content":{"rendered":"<p><strong><span style=\"color: #000000;\">La Fiscal\u00eda Anticorrupci\u00f3n del Santa pidi\u00f3 20 a\u00f1os de c\u00e1rcel para el exgobernador regional de \u00c1ncash, Waldo R\u00edos Salcedo, a quien acusa de los delitos de lavado de activos.<\/span><\/strong><\/p>\n<p><span style=\"color: #000000;\"><strong>Chimbote, 05 de Febrero 2019, (ANDINA).-<\/strong> La Fiscal\u00eda Anticorrupci\u00f3n del Santa pidi\u00f3 20 a\u00f1os de c\u00e1rcel para el exgobernador regional de \u00c1ncash, Waldo R\u00edos Salcedo, a quien acusa de los delitos de lavado de activos y cohecho pasivo propio; se inform\u00f3 hoy.<\/span><\/p>\n<p><span style=\"color: #000000;\">La acusaci\u00f3n es el resultado de la investigaci\u00f3n complementaria que orden\u00f3 el Poder Judicial para la exautoridad regional ancashina por la \u201cdonaci\u00f3n\u201d de 1 mill\u00f3n de soles que hicieron 9 ciudadanos a su favor, para que pueda pagar la reparaci\u00f3n civil que deb\u00eda al Estado producto de una condena por corrupci\u00f3n.<\/span><\/p>\n<p><span style=\"color: #000000;\">Inicialmente el Ministerio P\u00fablico solo acus\u00f3 a R\u00edos Salcedo por el delito de cohecho y pidi\u00f3 9 a\u00f1os de c\u00e1rcel para \u00e9l. En el extremo de lavado de activos pidi\u00f3 el archivo de la pesquisa; sin embargo, el Poder Judicial orden\u00f3 8 meses m\u00e1s de investigaci\u00f3n solamente por ese il\u00edcito.<\/span><\/p>\n<p><span style=\"color: #000000;\">Ahora el fiscal anticorrupci\u00f3n, Carlos Roncal Cancino, ha ingresado su requerimiento acusatorio ante la Corte de Justicia del Santa.<\/span><\/p>\n<p><span style=\"color: #000000;\">En el caso de \u201clos donantes\u201d, el fiscal solicita la pena de 16 a\u00f1os para Sabik Alioth Soriano Navarrete, mientras que para a otros donantes como Miluska Aldea Correa, Patricia Leonor Quezada Barreda, Jos\u00e9 Enos Neyra Flores, Guillermo Oviedo Vel\u00e1squez, Miguel Peralta Merino y Christian C\u00e1rdenas Depaz, solicit\u00f3 12 a\u00f1os de prisi\u00f3n efectiva.<\/span><\/p>\n<p><span style=\"color: #000000;\">Javier Contreras Lara y Daniel Reynafarje Quiroz, enfrentan un pedido de 4 a\u00f1os de c\u00e1rcel.<\/span><\/p>\n<p><span style=\"color: #000000;\">En tanto, para el empresario Jos\u00e9 Luis Servat Chocano y Gonzalo Ricardo Alegr\u00eda Verona, la Fiscal\u00eda pidi\u00f3 10 a\u00f1os y 4 meses de prisi\u00f3n por el delito de lavado de activos, al considerarlos c\u00f3mplices de este il\u00edcito.<\/span><\/p>\n","protected":false},"excerpt":{"rendered":"<p>La Fiscal\u00eda Anticorrupci\u00f3n del Santa pidi\u00f3 20 a\u00f1os de c\u00e1rcel para el exgobernador regional de \u00c1ncash, Waldo R\u00edos Salcedo, a quien acusa de los delitos de lavado de activos. Chimbote, 05 de Febrero 2019, (ANDINA).- La Fiscal\u00eda Anticorrupci\u00f3n del Santa pidi\u00f3 20 a\u00f1os de c\u00e1rcel para el exgobernador regional de \u00c1ncash, Waldo R\u00edos Salcedo, a [&hellip;]<\/p>\n","protected":false},"author":1,"featured_media":9564,"comment_status":"open","ping_status":"open","sticky":false,"template":"","format":"standard","meta":{"rop_custom_images_group":[],"rop_custom_messages_group":[],"rop_publish_now":"initial","rop_publish_now_accounts":[],"rop_publish_now_history":[],"rop_publish_now_status":"pending","footnotes":""},"categories":[10],"tags":[3621,1234,1081],"class_list":["post-43224","post","type-post","status-publish","format-standard","has-post-thumbnail","hentry","category-actualidad-municipal","tag-ancash","tag-gobierno-regional-de-ancash","tag-waldo-rios"],"_links":{"self":[{"href":"https:\/\/elinformanteperu.com\/index.php\/wp-json\/wp\/v2\/posts\/43224","targetHints":{"allow":["GET"]}}],"collection":[{"href":"https:\/\/elinformanteperu.com\/index.php\/wp-json\/wp\/v2\/posts"}],"about":[{"href":"https:\/\/elinformanteperu.com\/index.php\/wp-json\/wp\/v2\/types\/post"}],"author":[{"embeddable":true,"href":"https:\/\/elinformanteperu.com\/index.php\/wp-json\/wp\/v2\/users\/1"}],"replies":[{"embeddable":true,"href":"https:\/\/elinformanteperu.com\/index.php\/wp-json\/wp\/v2\/comments?post=43224"}],"version-history":[{"count":1,"href":"https:\/\/elinformanteperu.com\/index.php\/wp-json\/wp\/v2\/posts\/43224\/revisions"}],"predecessor-version":[{"id":43226,"href":"https:\/\/elinformanteperu.com\/index.php\/wp-json\/wp\/v2\/posts\/43224\/revisions\/43226"}],"wp:featuredmedia":[{"embeddable":true,"href":"https:\/\/elinformanteperu.com\/index.php\/wp-json\/wp\/v2\/media\/9564"}],"wp:attachment":[{"href":"https:\/\/elinformanteperu.com\/index.php\/wp-json\/wp\/v2\/media?parent=43224"}],"wp:term":[{"taxonomy":"category","embeddable":true,"href":"https:\/\/elinformanteperu.com\/index.php\/wp-json\/wp\/v2\/categories?post=43224"},{"taxonomy":"post_tag","embeddable":true,"href":"https:\/\/elinformanteperu.com\/index.php\/wp-json\/wp\/v2\/tags?post=43224"}],"curies":[{"name":"wp","href":"https:\/\/api.w.org\/{rel}","templated":true}]}}