{"id":43049,"date":"2019-02-03T09:52:59","date_gmt":"2019-02-03T14:52:59","guid":{"rendered":"http:\/\/elinformanteperu.com\/?p=43049"},"modified":"2019-02-03T09:52:59","modified_gmt":"2019-02-03T14:52:59","slug":"abriran-puertas-a-turismo-inclusivo-para-todos-los-peruanos","status":"publish","type":"post","link":"https:\/\/elinformanteperu.com\/index.php\/2019\/02\/03\/abriran-puertas-a-turismo-inclusivo-para-todos-los-peruanos\/","title":{"rendered":"Abrir\u00e1n puertas a turismo inclusivo para todos los peruanos"},"content":{"rendered":"<p><strong><span style=\"color: #000000;\">Promover un turismo accesible e inclusivo para todos los peruanos en las \u00e1reas naturales protegidas ser\u00e1 una de las principales metas que el SERNANP impulsar\u00e1 durante el 2019.<\/span><\/strong><\/p>\n<p><span style=\"color: #000000;\"><strong>Lima, 03 de Febrero 2019, (El Informante Per\u00fa).<\/strong>&#8211; Promover un turismo accesible e inclusivo para todos los peruanos en las \u00e1reas naturales protegidas ser\u00e1 una de las principales metas que el Servicio Nacional de \u00c1reas Naturales Protegidas por el Estado (SERNANP) impulsar\u00e1 durante el 2019 en estos espacios protegidos a nivel nacional.<\/span><\/p>\n<p><span style=\"color: #000000;\">Como parte de la puesta en marcha de esta iniciativa, la Reserva Nacional de Paracas (Ica) fue visitada por representantes de \u201cSin Frenos\u201d, organizaci\u00f3n privada que promueve alternativas de turismo accesible para las personas con habilidades diferentes o alg\u00fan tipo de discapacidad.<\/span><\/p>\n<p><span style=\"color: #000000;\">Piero Pascual, impulsor de este grupo, junto a especialistas del SERNANP recorri\u00f3 los diversos atractivos de la Reserva desde su Centro de Interpretaci\u00f3n hasta los miradores tur\u00edsticos. Durante su visita resalt\u00f3 que la Reserva Nacional de Paracas tiene las condiciones y facilidades necesarias para el acceso de personas con discapacidad como rampas para el uso de sillas de ruedas.<\/span><\/p>\n<p><span style=\"color: #000000;\">Asimismo, los representantes de SERNANP y Sin Frenos compartieron propuestas a implementar en la Reserva para mejorar a\u00fan m\u00e1s los accesos e infraestructuras en sus sitios tur\u00edsticos y promover un turismo inclusivo para todos los peruanos, iniciativas que ser\u00edan replicadas en otras \u00e1reas naturales protegidas.<\/span><\/p>\n<p><span style=\"color: #000000;\">El recorrido continu\u00f3 hasta el muelle del Chaco rumbo a las islas Ballestas de la Reserva Nacional Sistema de Islas, Islotes y Puntas Guaneras.<\/span><\/p>\n<p><span style=\"color: #000000;\">Para el presente a\u00f1o, el SERNANP potenciar\u00e1 los servicios de 9 \u00e1reas naturales protegidas a fin de promover un turismo accesible e inclusivo en estos espacios. Estas son las Reservas Nacionales de Paracas, Tambopata, Lachay y Sistema de Islas y Puntas Guaneras (Punta Coles, Islas Ballestas e Islotes Palomino), los Parques Nacionales Huascar\u00e1n, Tingo Mar\u00eda y Yanachaga Chemill\u00e9n, el Santuario Hist\u00f3rico Bosque de P\u00f3mac y el Santuario Nacional Lagunas de Mej\u00eda.<\/span><\/p>\n<p><img fetchpriority=\"high\" decoding=\"async\" class=\"aligncenter size-full wp-image-43052\" src=\"http:\/\/elinformanteperu.com\/wp-content\/uploads\/2019\/02\/SERNANP-Inclusivo1.jpg\" alt=\"\" width=\"800\" height=\"600\" srcset=\"https:\/\/elinformanteperu.com\/wp-content\/uploads\/2019\/02\/SERNANP-Inclusivo1.jpg 800w, https:\/\/elinformanteperu.com\/wp-content\/uploads\/2019\/02\/SERNANP-Inclusivo1-300x225.jpg 300w, https:\/\/elinformanteperu.com\/wp-content\/uploads\/2019\/02\/SERNANP-Inclusivo1-768x576.jpg 768w, https:\/\/elinformanteperu.com\/wp-content\/uploads\/2019\/02\/SERNANP-Inclusivo1-128x96.jpg 128w, https:\/\/elinformanteperu.com\/wp-content\/uploads\/2019\/02\/SERNANP-Inclusivo1-32x24.jpg 32w\" sizes=\"(max-width: 800px) 100vw, 800px\" \/><\/p>\n","protected":false},"excerpt":{"rendered":"<p>Promover un turismo accesible e inclusivo para todos los peruanos en las \u00e1reas naturales protegidas ser\u00e1 una de las principales metas que el SERNANP impulsar\u00e1 durante el 2019. Lima, 03 de Febrero 2019, (El Informante Per\u00fa).&#8211; Promover un turismo accesible e inclusivo para todos los peruanos en las \u00e1reas naturales protegidas ser\u00e1 una de las [&hellip;]<\/p>\n","protected":false},"author":1,"featured_media":43051,"comment_status":"open","ping_status":"open","sticky":false,"template":"","format":"standard","meta":{"rop_custom_images_group":[],"rop_custom_messages_group":[],"rop_publish_now":"initial","rop_publish_now_accounts":[],"rop_publish_now_history":[],"rop_publish_now_status":"pending","footnotes":""},"categories":[10],"tags":[103],"class_list":["post-43049","post","type-post","status-publish","format-standard","has-post-thumbnail","hentry","category-actualidad-municipal","tag-sernanp"],"_links":{"self":[{"href":"https:\/\/elinformanteperu.com\/index.php\/wp-json\/wp\/v2\/posts\/43049","targetHints":{"allow":["GET"]}}],"collection":[{"href":"https:\/\/elinformanteperu.com\/index.php\/wp-json\/wp\/v2\/posts"}],"about":[{"href":"https:\/\/elinformanteperu.com\/index.php\/wp-json\/wp\/v2\/types\/post"}],"author":[{"embeddable":true,"href":"https:\/\/elinformanteperu.com\/index.php\/wp-json\/wp\/v2\/users\/1"}],"replies":[{"embeddable":true,"href":"https:\/\/elinformanteperu.com\/index.php\/wp-json\/wp\/v2\/comments?post=43049"}],"version-history":[{"count":1,"href":"https:\/\/elinformanteperu.com\/index.php\/wp-json\/wp\/v2\/posts\/43049\/revisions"}],"predecessor-version":[{"id":43053,"href":"https:\/\/elinformanteperu.com\/index.php\/wp-json\/wp\/v2\/posts\/43049\/revisions\/43053"}],"wp:featuredmedia":[{"embeddable":true,"href":"https:\/\/elinformanteperu.com\/index.php\/wp-json\/wp\/v2\/media\/43051"}],"wp:attachment":[{"href":"https:\/\/elinformanteperu.com\/index.php\/wp-json\/wp\/v2\/media?parent=43049"}],"wp:term":[{"taxonomy":"category","embeddable":true,"href":"https:\/\/elinformanteperu.com\/index.php\/wp-json\/wp\/v2\/categories?post=43049"},{"taxonomy":"post_tag","embeddable":true,"href":"https:\/\/elinformanteperu.com\/index.php\/wp-json\/wp\/v2\/tags?post=43049"}],"curies":[{"name":"wp","href":"https:\/\/api.w.org\/{rel}","templated":true}]}}