{"id":43045,"date":"2019-02-03T09:41:59","date_gmt":"2019-02-03T14:41:59","guid":{"rendered":"http:\/\/elinformanteperu.com\/?p=43045"},"modified":"2019-02-03T09:41:59","modified_gmt":"2019-02-03T14:41:59","slug":"en-el-mercado-vida-nuevo-album-del-boricua-luis-fonsi","status":"publish","type":"post","link":"https:\/\/elinformanteperu.com\/index.php\/2019\/02\/03\/en-el-mercado-vida-nuevo-album-del-boricua-luis-fonsi\/","title":{"rendered":"En el mercado. Vida, nuevo \u00e1lbum del boricua Luis Fonsi"},"content":{"rendered":"<p><strong><span style=\"color: #000000;\">El cantante puertorrique\u00f1o Luis Fonsi public\u00f3 su noveno \u00e1lbum de estudio titulado Vida, que incluye varios de sus \u00e9xitos y colaboraciones con reconocidos artistas.<\/span><\/strong><\/p>\n<p><span style=\"color: #000000;\"><strong>Los \u00c1ngeles, 03 de Febrero 2019, (PL).-<\/strong> El cantante puertorrique\u00f1o Luis Fonsi public\u00f3 su noveno \u00e1lbum de estudio titulado Vida, que incluye varios de sus \u00e9xitos y colaboraciones con reconocidos artistas.<\/span><\/p>\n<p><span style=\"color: #000000;\">La placa, calificada por Fonsi como &#8216;la m\u00e1s importante de su carrera&#8217;, le sucede al disco 8 (2014), y seg\u00fan el int\u00e9rprete ganador de varios premios Grammy Latinos, tendr\u00e1 un &#8216;poco de baile y mucho romance&#8217;.<\/span><\/p>\n<p><span style=\"color: #000000;\">El compacto incluye 15 temas, entre ellos, los \u00e9xitos Despacito (en sus dos versiones junto a Daddy Yankee y Justin Bieber), \u00c9chame la culpa (Demi Lovato), y los m\u00e1s recientes Calypso (Stefflon Don) e Imposible (Ozuna).<\/span><\/p>\n<p><span style=\"color: #000000;\">Vida, seg\u00fan Fonsi el disco m\u00e1s importante de su carrera, contiene adem\u00e1s los nuevos sencillos Sola, Apaga la luz, Le pido al cielo y Ah\u00ed estas tu, este \u00faltimo dedicado a su hijo menor, Rocco.<\/span><\/p>\n<p><span style=\"color: #000000;\">Producido por los ganadores del Grammy Latino Mauricio Rengifo y Andr\u00e9s Torres, el fonograma entr\u00f3 en circulaci\u00f3n a trav\u00e9s del sello discogr\u00e1fico Universal Music Latino y seg\u00fan la revista especializada Billboard es uno de los m\u00e1s esperados de este a\u00f1o.<\/span><\/p>\n<p><iframe title=\"Luis Fonsi - Sola\" width=\"615\" height=\"346\" src=\"https:\/\/www.youtube.com\/embed\/sKlA0A3ufpc?feature=oembed\" frameborder=\"0\" allow=\"accelerometer; autoplay; clipboard-write; encrypted-media; gyroscope; picture-in-picture; web-share\" referrerpolicy=\"strict-origin-when-cross-origin\" allowfullscreen><\/iframe><\/p>\n","protected":false},"excerpt":{"rendered":"<p>El cantante puertorrique\u00f1o Luis Fonsi public\u00f3 su noveno \u00e1lbum de estudio titulado Vida, que incluye varios de sus \u00e9xitos y colaboraciones con reconocidos artistas. Los \u00c1ngeles, 03 de Febrero 2019, (PL).- El cantante puertorrique\u00f1o Luis Fonsi public\u00f3 su noveno \u00e1lbum de estudio titulado Vida, que incluye varios de sus \u00e9xitos y colaboraciones con reconocidos artistas. [&hellip;]<\/p>\n","protected":false},"author":1,"featured_media":43047,"comment_status":"open","ping_status":"open","sticky":false,"template":"","format":"standard","meta":{"rop_custom_images_group":[],"rop_custom_messages_group":[],"rop_publish_now":"initial","rop_publish_now_accounts":[],"rop_publish_now_history":[],"rop_publish_now_status":"pending","footnotes":""},"categories":[69],"tags":[1414],"class_list":["post-43045","post","type-post","status-publish","format-standard","has-post-thumbnail","hentry","category-musica","tag-luis-fonsi"],"_links":{"self":[{"href":"https:\/\/elinformanteperu.com\/index.php\/wp-json\/wp\/v2\/posts\/43045","targetHints":{"allow":["GET"]}}],"collection":[{"href":"https:\/\/elinformanteperu.com\/index.php\/wp-json\/wp\/v2\/posts"}],"about":[{"href":"https:\/\/elinformanteperu.com\/index.php\/wp-json\/wp\/v2\/types\/post"}],"author":[{"embeddable":true,"href":"https:\/\/elinformanteperu.com\/index.php\/wp-json\/wp\/v2\/users\/1"}],"replies":[{"embeddable":true,"href":"https:\/\/elinformanteperu.com\/index.php\/wp-json\/wp\/v2\/comments?post=43045"}],"version-history":[{"count":1,"href":"https:\/\/elinformanteperu.com\/index.php\/wp-json\/wp\/v2\/posts\/43045\/revisions"}],"predecessor-version":[{"id":43048,"href":"https:\/\/elinformanteperu.com\/index.php\/wp-json\/wp\/v2\/posts\/43045\/revisions\/43048"}],"wp:featuredmedia":[{"embeddable":true,"href":"https:\/\/elinformanteperu.com\/index.php\/wp-json\/wp\/v2\/media\/43047"}],"wp:attachment":[{"href":"https:\/\/elinformanteperu.com\/index.php\/wp-json\/wp\/v2\/media?parent=43045"}],"wp:term":[{"taxonomy":"category","embeddable":true,"href":"https:\/\/elinformanteperu.com\/index.php\/wp-json\/wp\/v2\/categories?post=43045"},{"taxonomy":"post_tag","embeddable":true,"href":"https:\/\/elinformanteperu.com\/index.php\/wp-json\/wp\/v2\/tags?post=43045"}],"curies":[{"name":"wp","href":"https:\/\/api.w.org\/{rel}","templated":true}]}}