{"id":42898,"date":"2019-01-31T23:32:17","date_gmt":"2019-02-01T04:32:17","guid":{"rendered":"http:\/\/elinformanteperu.com\/?p=42898"},"modified":"2019-01-31T23:32:17","modified_gmt":"2019-02-01T04:32:17","slug":"peru-saluda-designacion-de-diplomatico-hecha-por-juan-guaido","status":"publish","type":"post","link":"https:\/\/elinformanteperu.com\/index.php\/2019\/01\/31\/peru-saluda-designacion-de-diplomatico-hecha-por-juan-guaido\/","title":{"rendered":"Per\u00fa saluda designaci\u00f3n de diplom\u00e1tico hecha por Juan Guaid\u00f3"},"content":{"rendered":"<p><strong><span style=\"color: #000000;\">El Gobierno peruano salud\u00f3 la designaci\u00f3n hecha por el presidente encargado de Venezuela, Juan Guaid\u00f3, de Carlos Scull como su representante diplom\u00e1tico en el Per\u00fa.<\/span><\/strong><\/p>\n<p><span style=\"color: #000000;\"><strong>Lima, 31 de Enero 2019, (ANDINA).-<\/strong> El Gobierno peruano, a trav\u00e9s de la Canciller\u00eda, salud\u00f3 la designaci\u00f3n hecha por el presidente encargado de Venezuela, Juan Guaid\u00f3, de Carlos Scull como su representante diplom\u00e1tico en el Per\u00fa.<\/span><\/p>\n<p><span style=\"color: #000000;\">\u00abSaludamos la designaci\u00f3n efectuada por el presidente encargado de Venezuela, Juan Guaid\u00f3, del se\u00f1or Carlos Scull, como su representante diplom\u00e1tico en el Per\u00fa\u201d, destac\u00f3 la Canciller\u00eda en su cuenta en Twitter.<\/span><\/p>\n<p><span style=\"color: #000000;\">El Parlamento de Venezuela nombr\u00f3 este martes \u201crepresentantes diplom\u00e1ticos\u201d en una decena de pa\u00edses que reconocieron la autoproclamaci\u00f3n del jefe legislativo, Juan Guaid\u00f3, como presidente interino, entre ellos el Per\u00fa.<\/span><\/p>\n<p><span style=\"color: #000000;\">\u201cAgradezco la distinci\u00f3n del presidente al nombrarme como representante diplom\u00e1tico en Per\u00fa. Una responsabilidad que asumo con el compromiso de trabajar por el rescate de la democracia, el cese de la usurpaci\u00f3n, gobierno de transici\u00f3n y elecciones libres para Venezuela\u201d, escribi\u00f3 Scull en su cuenta de Twitter.<\/span><\/p>\n<p><span style=\"color: #000000;\">\u201cDe la misma forma les digo que vamos a trabajar con y por los m\u00e1s de 700 mil venezolanos que han tenido que salir de Venezuela para que pronto podamos reencontrarnos en familia y en nuestro pa\u00eds\u201d, agreg\u00f3.<\/span><\/p>\n<p><span style=\"color: #000000;\">Las designaciones abarcan a Argentina, Canad\u00e1, Colombia, Costa Rica, Ecuador, Estados Unidos, Honduras, Panam\u00e1 y Per\u00fa, as\u00ed como al Grupo de Lima, un bloque que desconoce al mandatario Nicol\u00e1s Maduro.<\/span><\/p>\n","protected":false},"excerpt":{"rendered":"<p>El Gobierno peruano salud\u00f3 la designaci\u00f3n hecha por el presidente encargado de Venezuela, Juan Guaid\u00f3, de Carlos Scull como su representante diplom\u00e1tico en el Per\u00fa. Lima, 31 de Enero 2019, (ANDINA).- El Gobierno peruano, a trav\u00e9s de la Canciller\u00eda, salud\u00f3 la designaci\u00f3n hecha por el presidente encargado de Venezuela, Juan Guaid\u00f3, de Carlos Scull como [&hellip;]<\/p>\n","protected":false},"author":1,"featured_media":5870,"comment_status":"open","ping_status":"open","sticky":false,"template":"","format":"standard","meta":{"rop_custom_images_group":[],"rop_custom_messages_group":[],"rop_publish_now":"initial","rop_publish_now_accounts":[],"rop_publish_now_history":[],"rop_publish_now_status":"pending","footnotes":""},"categories":[5],"tags":[294,4133,4098,171],"class_list":["post-42898","post","type-post","status-publish","format-standard","has-post-thumbnail","hentry","category-actualidad-informativa","tag-cancilleria","tag-carlos-scull","tag-juan-guaido","tag-venezuela"],"_links":{"self":[{"href":"https:\/\/elinformanteperu.com\/index.php\/wp-json\/wp\/v2\/posts\/42898","targetHints":{"allow":["GET"]}}],"collection":[{"href":"https:\/\/elinformanteperu.com\/index.php\/wp-json\/wp\/v2\/posts"}],"about":[{"href":"https:\/\/elinformanteperu.com\/index.php\/wp-json\/wp\/v2\/types\/post"}],"author":[{"embeddable":true,"href":"https:\/\/elinformanteperu.com\/index.php\/wp-json\/wp\/v2\/users\/1"}],"replies":[{"embeddable":true,"href":"https:\/\/elinformanteperu.com\/index.php\/wp-json\/wp\/v2\/comments?post=42898"}],"version-history":[{"count":1,"href":"https:\/\/elinformanteperu.com\/index.php\/wp-json\/wp\/v2\/posts\/42898\/revisions"}],"predecessor-version":[{"id":42900,"href":"https:\/\/elinformanteperu.com\/index.php\/wp-json\/wp\/v2\/posts\/42898\/revisions\/42900"}],"wp:featuredmedia":[{"embeddable":true,"href":"https:\/\/elinformanteperu.com\/index.php\/wp-json\/wp\/v2\/media\/5870"}],"wp:attachment":[{"href":"https:\/\/elinformanteperu.com\/index.php\/wp-json\/wp\/v2\/media?parent=42898"}],"wp:term":[{"taxonomy":"category","embeddable":true,"href":"https:\/\/elinformanteperu.com\/index.php\/wp-json\/wp\/v2\/categories?post=42898"},{"taxonomy":"post_tag","embeddable":true,"href":"https:\/\/elinformanteperu.com\/index.php\/wp-json\/wp\/v2\/tags?post=42898"}],"curies":[{"name":"wp","href":"https:\/\/api.w.org\/{rel}","templated":true}]}}