{"id":42895,"date":"2019-01-31T23:30:33","date_gmt":"2019-02-01T04:30:33","guid":{"rendered":"http:\/\/elinformanteperu.com\/?p=42895"},"modified":"2019-01-31T23:30:33","modified_gmt":"2019-02-01T04:30:33","slug":"mef-seria-la-siguiente-entidad-publica-en-implementar-la-ley-servir","status":"publish","type":"post","link":"https:\/\/elinformanteperu.com\/index.php\/2019\/01\/31\/mef-seria-la-siguiente-entidad-publica-en-implementar-la-ley-servir\/","title":{"rendered":"MEF ser\u00eda la siguiente entidad p\u00fablica en implementar la Ley Servir"},"content":{"rendered":"<p><strong><span style=\"color: #000000;\">El ministro de Econom\u00eda y Finanzas, Carlos Oliva, adelant\u00f3 que su portafolio ser\u00eda la siguiente instituci\u00f3n p\u00fablica en implementar la Ley Servir.<\/span><\/strong><\/p>\n<p><span style=\"color: #000000;\"><strong>Lima, 31 de Enero 2019, (ANDINA).-<\/strong> El ministro de Econom\u00eda y Finanzas, Carlos Oliva, adelant\u00f3 que su portafolio ser\u00eda la siguiente instituci\u00f3n p\u00fablica en implementar la Ley Servir para la contrataci\u00f3n de personal.<\/span><\/p>\n<p><span style=\"color: #000000;\">Tras su participaci\u00f3n en la presentaci\u00f3n del Plan Nacional de Competitividad y Productividad en el Centro de Convenciones de Lima, enfatiz\u00f3 la necesidad de implementar la Ley Servir en todas las instituciones p\u00fablicas del pa\u00eds.<\/span><\/p>\n<p><span style=\"color: #000000;\">\u201cTenemos esa ley desde el 2013, que por uno u otro motivo ha sido implementada de manera deficiente hasta el momento y el prop\u00f3sito que tenemos en este Gobierno es reimpulsar esta ley\u201d, afirm\u00f3.<\/span><\/p>\n<p><span style=\"color: #000000;\">Refiri\u00f3 que esta norma va a cumplir seis a\u00f1os en junio pr\u00f3ximo y hasta ahora solo hay una entidad que est\u00e1 en tr\u00e1nsito a esta ley.<\/span><\/p>\n<p><span style=\"color: #000000;\">\u201cEn el Ministerio de Econom\u00eda y Finanzas (MEF) estamos convencidos de las bondades de esta ley y es probable que el MEF sea la pr\u00f3xima entidad que entre y empiece a hacer los concursos para implementar esta ley\u201d, dijo.<\/span><\/p>\n<p><span style=\"color: #000000;\">\u201cEstamos convencidos que, si no hay una reforma sustantiva en el Servicio Civil, cualquier esfuerzo que podamos hacer desde el Estado, va a tener el gran riesgo de la poca sostenibilidad\u201d, agreg\u00f3.<\/span><\/p>\n<p><strong><span style=\"color: #000000;\">Proyecto de Ley de Negociaciones Colectivas<\/span><\/strong><\/p>\n<p><span style=\"color: #000000;\">De otro lado, refiri\u00f3 que el Ejecutivo aprob\u00f3 hace unas semanas en el Consejo de Ministros una propuesta de negociaci\u00f3n colectiva en el sector p\u00fablico que ha sido remitido recientemente al Congreso de la Rep\u00fablica.<\/span><\/p>\n<p><span style=\"color: #000000;\">Indic\u00f3 que el Ejecutivo ha expresado por escrito al Congreso que no est\u00e1 de acuerdo con la aut\u00f3grafa de ley que fue aprobada en el Congreso un mes y medio atr\u00e1s.<\/span><\/p>\n<p><span style=\"color: #000000;\">\u201cCreemos que hay unas deficiencias y en esta propuesta que hemos enviado se superan, principalmente en una de ellas que tiene que ver con la sostenibilidad de los eventuales acuerdos de negociaci\u00f3n colectiva\u201d, dijo.<\/span><\/p>\n<p><span style=\"color: #000000;\">\u201cNo podemos dejar de lado a la misma Constituci\u00f3n que nos dice cualquier esfuerzo siempre tiene que ir de la mano con la sostenibilidad de las finanzas p\u00fablicas\u201d, agreg\u00f3.<\/span><\/p>\n<p><span style=\"color: #000000;\">En ese sentido indic\u00f3 que en la propuesta del Ejecutivo hay una serie de precisiones que se hacen sobre la negociaci\u00f3n colectiva.<\/span><\/p>\n<p><span style=\"color: #000000;\">\u201cNosotros le pedimos al Congreso que puedan leer nuestra propuesta, analizarla, invitar a los actores que hemos participado en esta propuesta para poder explicarles porqu\u00e9 es conveniente aprobar una propuesta como esta y no lo que ha sido aprobado por el Congreso hace un mes\u201d, se\u00f1al\u00f3.<\/span><\/p>\n<p><strong><span style=\"color: #000000;\">Norma antielusiva<\/span><\/strong><\/p>\n<p><span style=\"color: #000000;\">Por otra parte, anunci\u00f3 que en las pr\u00f3ximas dos a tres semanas se publicar\u00e1 el decreto supremo referida a la norma antielusiva.<\/span><\/p>\n","protected":false},"excerpt":{"rendered":"<p>El ministro de Econom\u00eda y Finanzas, Carlos Oliva, adelant\u00f3 que su portafolio ser\u00eda la siguiente instituci\u00f3n p\u00fablica en implementar la Ley Servir. Lima, 31 de Enero 2019, (ANDINA).- El ministro de Econom\u00eda y Finanzas, Carlos Oliva, adelant\u00f3 que su portafolio ser\u00eda la siguiente instituci\u00f3n p\u00fablica en implementar la Ley Servir para la contrataci\u00f3n de personal. [&hellip;]<\/p>\n","protected":false},"author":1,"featured_media":8411,"comment_status":"open","ping_status":"open","sticky":false,"template":"","format":"standard","meta":{"rop_custom_images_group":[],"rop_custom_messages_group":[],"rop_publish_now":"initial","rop_publish_now_accounts":[],"rop_publish_now_history":[],"rop_publish_now_status":"pending","footnotes":""},"categories":[5],"tags":[315,1757],"class_list":["post-42895","post","type-post","status-publish","format-standard","has-post-thumbnail","hentry","category-actualidad-informativa","tag-mef","tag-servir"],"_links":{"self":[{"href":"https:\/\/elinformanteperu.com\/index.php\/wp-json\/wp\/v2\/posts\/42895","targetHints":{"allow":["GET"]}}],"collection":[{"href":"https:\/\/elinformanteperu.com\/index.php\/wp-json\/wp\/v2\/posts"}],"about":[{"href":"https:\/\/elinformanteperu.com\/index.php\/wp-json\/wp\/v2\/types\/post"}],"author":[{"embeddable":true,"href":"https:\/\/elinformanteperu.com\/index.php\/wp-json\/wp\/v2\/users\/1"}],"replies":[{"embeddable":true,"href":"https:\/\/elinformanteperu.com\/index.php\/wp-json\/wp\/v2\/comments?post=42895"}],"version-history":[{"count":1,"href":"https:\/\/elinformanteperu.com\/index.php\/wp-json\/wp\/v2\/posts\/42895\/revisions"}],"predecessor-version":[{"id":42897,"href":"https:\/\/elinformanteperu.com\/index.php\/wp-json\/wp\/v2\/posts\/42895\/revisions\/42897"}],"wp:featuredmedia":[{"embeddable":true,"href":"https:\/\/elinformanteperu.com\/index.php\/wp-json\/wp\/v2\/media\/8411"}],"wp:attachment":[{"href":"https:\/\/elinformanteperu.com\/index.php\/wp-json\/wp\/v2\/media?parent=42895"}],"wp:term":[{"taxonomy":"category","embeddable":true,"href":"https:\/\/elinformanteperu.com\/index.php\/wp-json\/wp\/v2\/categories?post=42895"},{"taxonomy":"post_tag","embeddable":true,"href":"https:\/\/elinformanteperu.com\/index.php\/wp-json\/wp\/v2\/tags?post=42895"}],"curies":[{"name":"wp","href":"https:\/\/api.w.org\/{rel}","templated":true}]}}