{"id":4287,"date":"2017-01-13T00:54:46","date_gmt":"2017-01-13T05:54:46","guid":{"rendered":"http:\/\/elinformanteperu.com\/?p=4287"},"modified":"2017-01-13T00:54:46","modified_gmt":"2017-01-13T05:54:46","slug":"obras-del-aeropuerto-de-chinchero-comienzan-el-31-de-enero","status":"publish","type":"post","link":"https:\/\/elinformanteperu.com\/index.php\/2017\/01\/13\/obras-del-aeropuerto-de-chinchero-comienzan-el-31-de-enero\/","title":{"rendered":"Obras del aeropuerto de Chinchero comienzan el 31 de enero"},"content":{"rendered":"<p><strong>Las obras del aeropuerto internacional de Chinchero se iniciar\u00e1n el 31 de enero del 2017, anunci\u00f3 el ministro de Transportes y Comunicaciones, Mart\u00edn Vizcarra.<\/strong><\/p>\n<p><strong>Lima, 12 Enero 2017, (ANDINA).-<\/strong> Las obras del aeropuerto internacional de Chinchero se iniciar\u00e1n el 31 de enero del 2017, anunci\u00f3 el ministro de Transportes y Comunicaciones, Mart\u00edn Vizcarra.<\/p>\n<p>Al t\u00e9rmino de una reuni\u00f3n con autoridades de la regi\u00f3n Cusco, congresistas y comunidades de la zona de influencia del proyecto, Vizcarra dijo que se trata de \u00abun proyecto que abrir\u00e1 oportunidades de desarrollo para la regi\u00f3n sur y todos los peruanos\u201d.<\/p>\n<p>\u201cLo importante no es la primera piedra, sino el momento en que la obra se pone en servicio, pero para concluir un proyecto hay que iniciarlo, por eso les digo que el 31 de enero iniciaremos las obras del aeropuerto de Chinchero\u00bb, subray\u00f3.<\/p>\n<p>La construcci\u00f3n total del nuevo terminal a\u00e9reo en la surandina regi\u00f3n del Cusco costar\u00e1 US$ 264 millones. Las obras comenzar\u00e1n con labores de remoci\u00f3n de tierras, que demandar\u00e1n una inversi\u00f3n de US$ 140 millones., seg\u00fan el Ministerio de Transportes y Comunicaciones (MTC).<\/p>\n<p>El aeropuerto de Chinchero beneficiar\u00e1 el turismo, los viajes se har\u00e1n m\u00e1s f\u00e1ciles y disminuir\u00e1n los costos de los vuelos, ya que no ser\u00e1 necesario hacer escala en Lima.<\/p>\n<p>Se estima que para el a\u00f1o 2030 este terminal a\u00e9reo movilizar\u00e1 cinco millones de pasajeros por a\u00f1o, convirti\u00e9ndose, adem\u00e1s, en un motor que impulsar\u00e1 el desarrollo urbano, social, comercial y econ\u00f3mico de Chinchero, distrito ubicado en la provincia cusque\u00f1a de Urubamba.<\/p>\n<p>En la reuni\u00f3n de este jueves, en Lima, participaron el presidente regional de Cusco, Edwin Licona; el viceministro de Turismo, Rogers Valencia; la viceministra de Transportes, Fiorella Molinelli; congresistas de la regi\u00f3n Cusco; y representantes de las comunidades Ayllopongo y Yanacona.<\/p>\n","protected":false},"excerpt":{"rendered":"<p>Las obras del aeropuerto internacional de Chinchero se iniciar\u00e1n el 31 de enero del 2017, anunci\u00f3 el ministro de Transportes y Comunicaciones, Mart\u00edn Vizcarra. Lima, 12 Enero 2017, (ANDINA).- Las obras del aeropuerto internacional de Chinchero se iniciar\u00e1n el 31 de enero del 2017, anunci\u00f3 el ministro de Transportes y Comunicaciones, Mart\u00edn Vizcarra. Al t\u00e9rmino [&hellip;]<\/p>\n","protected":false},"author":1,"featured_media":1668,"comment_status":"open","ping_status":"open","sticky":false,"template":"","format":"standard","meta":{"rop_custom_images_group":[],"rop_custom_messages_group":[],"rop_publish_now":"initial","rop_publish_now_accounts":[],"rop_publish_now_history":[],"rop_publish_now_status":"pending","footnotes":""},"categories":[5],"tags":[289,317],"class_list":["post-4287","post","type-post","status-publish","format-standard","has-post-thumbnail","hentry","category-actualidad-informativa","tag-martin-vizcarra","tag-mtc"],"_links":{"self":[{"href":"https:\/\/elinformanteperu.com\/index.php\/wp-json\/wp\/v2\/posts\/4287","targetHints":{"allow":["GET"]}}],"collection":[{"href":"https:\/\/elinformanteperu.com\/index.php\/wp-json\/wp\/v2\/posts"}],"about":[{"href":"https:\/\/elinformanteperu.com\/index.php\/wp-json\/wp\/v2\/types\/post"}],"author":[{"embeddable":true,"href":"https:\/\/elinformanteperu.com\/index.php\/wp-json\/wp\/v2\/users\/1"}],"replies":[{"embeddable":true,"href":"https:\/\/elinformanteperu.com\/index.php\/wp-json\/wp\/v2\/comments?post=4287"}],"version-history":[{"count":1,"href":"https:\/\/elinformanteperu.com\/index.php\/wp-json\/wp\/v2\/posts\/4287\/revisions"}],"predecessor-version":[{"id":4288,"href":"https:\/\/elinformanteperu.com\/index.php\/wp-json\/wp\/v2\/posts\/4287\/revisions\/4288"}],"wp:featuredmedia":[{"embeddable":true,"href":"https:\/\/elinformanteperu.com\/index.php\/wp-json\/wp\/v2\/media\/1668"}],"wp:attachment":[{"href":"https:\/\/elinformanteperu.com\/index.php\/wp-json\/wp\/v2\/media?parent=4287"}],"wp:term":[{"taxonomy":"category","embeddable":true,"href":"https:\/\/elinformanteperu.com\/index.php\/wp-json\/wp\/v2\/categories?post=4287"},{"taxonomy":"post_tag","embeddable":true,"href":"https:\/\/elinformanteperu.com\/index.php\/wp-json\/wp\/v2\/tags?post=4287"}],"curies":[{"name":"wp","href":"https:\/\/api.w.org\/{rel}","templated":true}]}}