{"id":42844,"date":"2019-01-31T21:04:24","date_gmt":"2019-02-01T02:04:24","guid":{"rendered":"http:\/\/elinformanteperu.com\/?p=42844"},"modified":"2019-01-31T21:04:24","modified_gmt":"2019-02-01T02:04:24","slug":"avance-de-nueva-cinta-de-almodovar","status":"publish","type":"post","link":"https:\/\/elinformanteperu.com\/index.php\/2019\/01\/31\/avance-de-nueva-cinta-de-almodovar\/","title":{"rendered":"Avance de nueva cinta de Almod\u00f3var"},"content":{"rendered":"<p><strong><span style=\"color: #000000;\">Se present\u00f3 el primer adelanto de Dolor y Gloria, nuevo largometraje del cineasta espa\u00f1ol Pedro Almod\u00f3var que llegar\u00e1 a los cines el pr\u00f3ximo 22 de marzo, en varios pa\u00edses.<\/span><\/strong><\/p>\n<p><span style=\"color: #000000;\"><strong>Madrid, 31 de Enero 2019, (PL).-<\/strong> El primer adelanto de Dolor y Gloria, nuevo largometraje del cineasta espa\u00f1ol Pedro Almod\u00f3var que llegar\u00e1 a los cines el pr\u00f3ximo 22 de marzo, en varios pa\u00edses, est\u00e1 disponible hoy en plataformas digitales.<\/span><\/p>\n<p><span style=\"color: #000000;\">Publicado por la compa\u00f1\u00eda Sony Pictures, el avance muestra a los protagonistas de la pel\u00edcula, entre los que destacan Pen\u00e9lope Cruz y Antonio Banderas, este \u00faltimo asiduo ya en los personajes del reconocido realizador. <\/span><\/p>\n<p><span style=\"color: #000000;\">Completan el elenco otros int\u00e9rpretes de renombre como Asier Etxeand\u00eda, Leonardo Sbaraglia, Nora Navas y Julieta Serrano reconocida por su actuaci\u00f3n en Mujeres al borde de un ataque de nervios, otro de los \u00e9xitos de Almod\u00f3var.<\/span><\/p>\n<p><span style=\"color: #000000;\">El tr\u00e1iler est\u00e1 acompa\u00f1ado de los compases de Come sinfonia en la voz de la cantante italiana Mina Anna Mazzini m\u00e1s conocida por su nombre art\u00edstico Mina.<\/span><\/p>\n<p><span style=\"color: #000000;\">Seg\u00fan coment\u00f3 el director de la cinta, esta hablar\u00e1 sobre la creaci\u00f3n, las dificultades de la vida y las pasiones que le dan sentido y esperanza, centrando su atenci\u00f3n en un director de cine llamado Salvador Mallo.<\/span><\/p>\n<p><span style=\"color: #000000;\">La trama girar\u00e1 en torno a una serie de reencuentros que tendr\u00e1 el personaje con recuerdos de su infancia, su primer deseo y amor, el dolor de la separaci\u00f3n de pareja y el descubrimiento del cine como su principal pasi\u00f3n.<\/span><\/p>\n<p><span style=\"color: #000000;\">Almod\u00f3var es tambi\u00e9n reconocido por su trabajo como guionista y productor, con gran reputaci\u00f3n en el escenario cinematogr\u00e1fico internacional y c\u00e9lebres galardones entre ellos dos premios Oscar a Mejor pel\u00edcula extranjera con Todo sobre mi madre, en 1999 y Mejor guion original con Hable con ella, en 2002.<\/span><\/p>\n<p><iframe title=\"DOLOR Y GLORIA - Tr\u00e1iler Oficial EN ESPA\u00d1OL\u00a0| Sony Pictures Espa\u00f1a\" width=\"615\" height=\"346\" src=\"https:\/\/www.youtube.com\/embed\/4GMO3BgUIOk?feature=oembed\" frameborder=\"0\" allow=\"accelerometer; autoplay; clipboard-write; encrypted-media; gyroscope; picture-in-picture; web-share\" referrerpolicy=\"strict-origin-when-cross-origin\" allowfullscreen><\/iframe><\/p>\n","protected":false},"excerpt":{"rendered":"<p>Se present\u00f3 el primer adelanto de Dolor y Gloria, nuevo largometraje del cineasta espa\u00f1ol Pedro Almod\u00f3var que llegar\u00e1 a los cines el pr\u00f3ximo 22 de marzo, en varios pa\u00edses. Madrid, 31 de Enero 2019, (PL).- El primer adelanto de Dolor y Gloria, nuevo largometraje del cineasta espa\u00f1ol Pedro Almod\u00f3var que llegar\u00e1 a los cines el [&hellip;]<\/p>\n","protected":false},"author":1,"featured_media":42846,"comment_status":"open","ping_status":"open","sticky":false,"template":"","format":"standard","meta":{"rop_custom_images_group":[],"rop_custom_messages_group":[],"rop_publish_now":"initial","rop_publish_now_accounts":[],"rop_publish_now_history":[],"rop_publish_now_status":"pending","footnotes":""},"categories":[7],"tags":[3112,1003,245],"class_list":["post-42844","post","type-post","status-publish","format-standard","has-post-thumbnail","hentry","category-butaca","tag-antonio-banderas","tag-pedro-almodovar","tag-penelope-cruz"],"_links":{"self":[{"href":"https:\/\/elinformanteperu.com\/index.php\/wp-json\/wp\/v2\/posts\/42844","targetHints":{"allow":["GET"]}}],"collection":[{"href":"https:\/\/elinformanteperu.com\/index.php\/wp-json\/wp\/v2\/posts"}],"about":[{"href":"https:\/\/elinformanteperu.com\/index.php\/wp-json\/wp\/v2\/types\/post"}],"author":[{"embeddable":true,"href":"https:\/\/elinformanteperu.com\/index.php\/wp-json\/wp\/v2\/users\/1"}],"replies":[{"embeddable":true,"href":"https:\/\/elinformanteperu.com\/index.php\/wp-json\/wp\/v2\/comments?post=42844"}],"version-history":[{"count":1,"href":"https:\/\/elinformanteperu.com\/index.php\/wp-json\/wp\/v2\/posts\/42844\/revisions"}],"predecessor-version":[{"id":42847,"href":"https:\/\/elinformanteperu.com\/index.php\/wp-json\/wp\/v2\/posts\/42844\/revisions\/42847"}],"wp:featuredmedia":[{"embeddable":true,"href":"https:\/\/elinformanteperu.com\/index.php\/wp-json\/wp\/v2\/media\/42846"}],"wp:attachment":[{"href":"https:\/\/elinformanteperu.com\/index.php\/wp-json\/wp\/v2\/media?parent=42844"}],"wp:term":[{"taxonomy":"category","embeddable":true,"href":"https:\/\/elinformanteperu.com\/index.php\/wp-json\/wp\/v2\/categories?post=42844"},{"taxonomy":"post_tag","embeddable":true,"href":"https:\/\/elinformanteperu.com\/index.php\/wp-json\/wp\/v2\/tags?post=42844"}],"curies":[{"name":"wp","href":"https:\/\/api.w.org\/{rel}","templated":true}]}}