{"id":42487,"date":"2019-01-27T13:29:08","date_gmt":"2019-01-27T18:29:08","guid":{"rendered":"http:\/\/elinformanteperu.com\/?p=42487"},"modified":"2019-01-27T13:29:08","modified_gmt":"2019-01-27T18:29:08","slug":"peru-condena-violencia-de-dictadura-de-maduro-sobre-manifestantes","status":"publish","type":"post","link":"https:\/\/elinformanteperu.com\/index.php\/2019\/01\/27\/peru-condena-violencia-de-dictadura-de-maduro-sobre-manifestantes\/","title":{"rendered":"Per\u00fa condena violencia de dictadura de Maduro sobre manifestantes"},"content":{"rendered":"<p><strong><span style=\"color: #000000;\">El canciller N\u00e9stor Popolizio expres\u00f3 su condena al uso de la violencia por la dictadura de Nicol\u00e1s Maduro, que ha causado 26 muertos, heridos y detenidos en Venezuela.<\/span><\/strong><\/p>\n<p><span style=\"color: #000000;\"><strong>Lima, 25 de Enero 2019, (ANDINA).-<\/strong> El canciller N\u00e9stor Popolizio expres\u00f3 su condena al uso de la violencia por la dictadura de Nicol\u00e1s Maduro, que ha causado 26 muertos, heridos y detenidos durante las protestas ciudadanas en Venezuela.<\/span><\/p>\n<p><span style=\"color: #000000;\">Mediante su cuenta de Twitter, el ministro de Relaciones Exteriores hizo un llamado a respetar los derechos fundamentales de los venezolanos, para asegurar una transici\u00f3n pac\u00edfica a la democracia.<\/span><\/p>\n<p><span style=\"color: #000000;\">En cuatro d\u00edas de protestas antigubernamentales en Venezuela se han registrado 26 muertos, seg\u00fan inform\u00f3 la organizaci\u00f3n no gubernamental Observatorio Venezolano de Conflictividad Social (OVCS).<\/span><\/p>\n<p><span style=\"color: #000000;\">Una fuente del OVCS dijo que en las \u00faltimas tres noches se han registrado 180 manifestaciones, casi todas en zonas muy pobres del pa\u00eds y algunas de las cuales han desencadenado hechos violentos, sin que hasta ahora las autoridades confirmen ning\u00fan informe de da\u00f1os o v\u00edctimas.<\/span><\/p>\n<p><span style=\"color: #000000;\">Por su parte, la ONG Foro Penal, que lidera la defensa de los considerados presos pol\u00edticos en el pa\u00eds, indic\u00f3 que el total de arrestos registrados del lunes al mi\u00e9rcoles fue de 328 en todo el pa\u00eds.<\/span><\/p>\n","protected":false},"excerpt":{"rendered":"<p>El canciller N\u00e9stor Popolizio expres\u00f3 su condena al uso de la violencia por la dictadura de Nicol\u00e1s Maduro, que ha causado 26 muertos, heridos y detenidos en Venezuela. Lima, 25 de Enero 2019, (ANDINA).- El canciller N\u00e9stor Popolizio expres\u00f3 su condena al uso de la violencia por la dictadura de Nicol\u00e1s Maduro, que ha causado [&hellip;]<\/p>\n","protected":false},"author":1,"featured_media":42489,"comment_status":"open","ping_status":"open","sticky":false,"template":"","format":"standard","meta":{"rop_custom_images_group":[],"rop_custom_messages_group":[],"rop_publish_now":"initial","rop_publish_now_accounts":[],"rop_publish_now_history":[],"rop_publish_now_status":"pending","footnotes":""},"categories":[5],"tags":[294,2946],"class_list":["post-42487","post","type-post","status-publish","format-standard","has-post-thumbnail","hentry","category-actualidad-informativa","tag-cancilleria","tag-nestor-popolizio"],"_links":{"self":[{"href":"https:\/\/elinformanteperu.com\/index.php\/wp-json\/wp\/v2\/posts\/42487","targetHints":{"allow":["GET"]}}],"collection":[{"href":"https:\/\/elinformanteperu.com\/index.php\/wp-json\/wp\/v2\/posts"}],"about":[{"href":"https:\/\/elinformanteperu.com\/index.php\/wp-json\/wp\/v2\/types\/post"}],"author":[{"embeddable":true,"href":"https:\/\/elinformanteperu.com\/index.php\/wp-json\/wp\/v2\/users\/1"}],"replies":[{"embeddable":true,"href":"https:\/\/elinformanteperu.com\/index.php\/wp-json\/wp\/v2\/comments?post=42487"}],"version-history":[{"count":1,"href":"https:\/\/elinformanteperu.com\/index.php\/wp-json\/wp\/v2\/posts\/42487\/revisions"}],"predecessor-version":[{"id":42490,"href":"https:\/\/elinformanteperu.com\/index.php\/wp-json\/wp\/v2\/posts\/42487\/revisions\/42490"}],"wp:featuredmedia":[{"embeddable":true,"href":"https:\/\/elinformanteperu.com\/index.php\/wp-json\/wp\/v2\/media\/42489"}],"wp:attachment":[{"href":"https:\/\/elinformanteperu.com\/index.php\/wp-json\/wp\/v2\/media?parent=42487"}],"wp:term":[{"taxonomy":"category","embeddable":true,"href":"https:\/\/elinformanteperu.com\/index.php\/wp-json\/wp\/v2\/categories?post=42487"},{"taxonomy":"post_tag","embeddable":true,"href":"https:\/\/elinformanteperu.com\/index.php\/wp-json\/wp\/v2\/tags?post=42487"}],"curies":[{"name":"wp","href":"https:\/\/api.w.org\/{rel}","templated":true}]}}