{"id":42470,"date":"2019-01-27T12:43:48","date_gmt":"2019-01-27T17:43:48","guid":{"rendered":"http:\/\/elinformanteperu.com\/?p=42470"},"modified":"2019-01-27T12:43:48","modified_gmt":"2019-01-27T17:43:48","slug":"miraflores-apoya-la-inclusion-con-campeonato-de-voley-sentado","status":"publish","type":"post","link":"https:\/\/elinformanteperu.com\/index.php\/2019\/01\/27\/miraflores-apoya-la-inclusion-con-campeonato-de-voley-sentado\/","title":{"rendered":"Miraflores apoya la inclusi\u00f3n con campeonato de v\u00f3ley sentado"},"content":{"rendered":"<p><strong><span style=\"color: #000000;\">Miraflores se prepara para los Juegos Panamericanos y Parapanamericanos Lima 2019 y con ese objetivo inaugur\u00f3 en el Coliseo Bonilla el Campeonato Nacional de V\u00f3ley Sentado.<\/span><\/strong><\/p>\n<p><span style=\"color: #000000;\"><strong>Lima, 27 de Enero 2019, (ANDINA).-<\/strong> Miraflores se prepara para los Juegos Panamericanos y Parapanamericanos Lima 2019 y con ese objetivo inaugur\u00f3 en el Coliseo Bonilla el Campeonato Nacional de V\u00f3ley Sentado, para damas y varones, que organiza la Federaci\u00f3n Deportiva Nacional de Personas con Discapacidad.<\/span><\/p>\n<p><span style=\"color: #000000;\">En representaci\u00f3n del alcalde Luis Molina, inaugur\u00f3 el torneo el primer regidor Mart\u00edn Bustamante, quien resalt\u00f3 la importancia que tiene la pr\u00e1ctica de esta disciplina deportiva desde el punto de vista inclusivo.<\/span><\/p>\n<p><span style=\"color: #000000;\">\u201cPara los buenos deportistas no hay barreras. Todo se supera con voluntad y decisi\u00f3n\u201d, remarc\u00f3 Bustamante.<\/span><\/p>\n<p><span style=\"color: #000000;\">Este campeonato tiene especial valor, porque el v\u00f3ley sentado formar\u00e1 parte de las 17 disciplinas deportivas de los VI Juegos Parapanamericanos Lima 2019.<\/span><\/p>\n<p><span style=\"color: #000000;\">En el Campeonato Nacional tomar\u00e1n parte equipos como Assuba, Perul\u00edmpicos, Ksa y Sin L\u00edmites.<\/span><\/p>\n<p><span style=\"color: #000000;\">Claudia Casas Carri\u00f3n, presidenta de la Federaci\u00f3n Deportiva Nacional de Personas con Discapacidad F\u00edsica, agradeci\u00f3 el respaldo de la municipalidad miraflorina.<\/span><\/p>\n","protected":false},"excerpt":{"rendered":"<p>Miraflores se prepara para los Juegos Panamericanos y Parapanamericanos Lima 2019 y con ese objetivo inaugur\u00f3 en el Coliseo Bonilla el Campeonato Nacional de V\u00f3ley Sentado. Lima, 27 de Enero 2019, (ANDINA).- Miraflores se prepara para los Juegos Panamericanos y Parapanamericanos Lima 2019 y con ese objetivo inaugur\u00f3 en el Coliseo Bonilla el Campeonato Nacional [&hellip;]<\/p>\n","protected":false},"author":1,"featured_media":42472,"comment_status":"open","ping_status":"open","sticky":false,"template":"","format":"standard","meta":{"rop_custom_images_group":[],"rop_custom_messages_group":[],"rop_publish_now":"initial","rop_publish_now_accounts":[],"rop_publish_now_history":[],"rop_publish_now_status":"pending","footnotes":""},"categories":[10],"tags":[404,3755,435,651],"class_list":["post-42470","post","type-post","status-publish","format-standard","has-post-thumbnail","hentry","category-actualidad-municipal","tag-juegos-panamericanos-lima-2019","tag-miraflores","tag-municipalidad-de-miraflores","tag-voley"],"_links":{"self":[{"href":"https:\/\/elinformanteperu.com\/index.php\/wp-json\/wp\/v2\/posts\/42470","targetHints":{"allow":["GET"]}}],"collection":[{"href":"https:\/\/elinformanteperu.com\/index.php\/wp-json\/wp\/v2\/posts"}],"about":[{"href":"https:\/\/elinformanteperu.com\/index.php\/wp-json\/wp\/v2\/types\/post"}],"author":[{"embeddable":true,"href":"https:\/\/elinformanteperu.com\/index.php\/wp-json\/wp\/v2\/users\/1"}],"replies":[{"embeddable":true,"href":"https:\/\/elinformanteperu.com\/index.php\/wp-json\/wp\/v2\/comments?post=42470"}],"version-history":[{"count":1,"href":"https:\/\/elinformanteperu.com\/index.php\/wp-json\/wp\/v2\/posts\/42470\/revisions"}],"predecessor-version":[{"id":42473,"href":"https:\/\/elinformanteperu.com\/index.php\/wp-json\/wp\/v2\/posts\/42470\/revisions\/42473"}],"wp:featuredmedia":[{"embeddable":true,"href":"https:\/\/elinformanteperu.com\/index.php\/wp-json\/wp\/v2\/media\/42472"}],"wp:attachment":[{"href":"https:\/\/elinformanteperu.com\/index.php\/wp-json\/wp\/v2\/media?parent=42470"}],"wp:term":[{"taxonomy":"category","embeddable":true,"href":"https:\/\/elinformanteperu.com\/index.php\/wp-json\/wp\/v2\/categories?post=42470"},{"taxonomy":"post_tag","embeddable":true,"href":"https:\/\/elinformanteperu.com\/index.php\/wp-json\/wp\/v2\/tags?post=42470"}],"curies":[{"name":"wp","href":"https:\/\/api.w.org\/{rel}","templated":true}]}}