{"id":42462,"date":"2019-01-27T12:30:20","date_gmt":"2019-01-27T17:30:20","guid":{"rendered":"http:\/\/elinformanteperu.com\/?p=42462"},"modified":"2019-01-27T12:30:20","modified_gmt":"2019-01-27T17:30:20","slug":"un-muerto-deja-incendio-en-edificio-de-miraflores","status":"publish","type":"post","link":"https:\/\/elinformanteperu.com\/index.php\/2019\/01\/27\/un-muerto-deja-incendio-en-edificio-de-miraflores\/","title":{"rendered":"Un muerto deja incendio en edificio de Miraflores"},"content":{"rendered":"<p><strong><span style=\"color: #000000;\">Una persona fallecida dej\u00f3 un incendio registrado en un edificio de departamentos ubicado en el distrito de Miraflores, hasta donde llegaron diez unidades de los bomberos.<\/span><\/strong><\/p>\n<p><span style=\"color: #000000;\"><strong>Lima, 26 de Enero 2019, (ANDINA).<\/strong>&#8211; Una persona fallecida dej\u00f3 un incendio registrado en un edificio de departamentos ubicado en el distrito de Miraflores, hasta donde llegaron diez unidades de los bomberos, inform\u00f3 el subgerente de Defensa Civil de la municipalidad miraflorina, Mario Casaretto.<\/span><\/p>\n<p><span style=\"color: #000000;\">Precis\u00f3 que la v\u00edctima, que a\u00fan no ha sido identificada, tendr\u00eda alrededor de 70 a\u00f1os y que habr\u00eda fallecido por asfixia a causa del intenso humo.<\/span><\/p>\n<p><span style=\"color: #000000;\">Dijo que el siniestro se inici\u00f3 pasado el mediod\u00eda en el s\u00e9timo piso de dicho edificio ubicado en la cuadra 1 de la calle Porta, en Miraflores.<\/span><\/p>\n<p><span style=\"color: #000000;\">Se\u00f1al\u00f3 que los bomberos tuvieron que desplegar todos sus equipos para poder llegar hasta el lugar del incendio que afect\u00f3 hasta 8 departamentos.<\/span><\/p>\n","protected":false},"excerpt":{"rendered":"<p>Una persona fallecida dej\u00f3 un incendio registrado en un edificio de departamentos ubicado en el distrito de Miraflores, hasta donde llegaron diez unidades de los bomberos. Lima, 26 de Enero 2019, (ANDINA).&#8211; Una persona fallecida dej\u00f3 un incendio registrado en un edificio de departamentos ubicado en el distrito de Miraflores, hasta donde llegaron diez unidades [&hellip;]<\/p>\n","protected":false},"author":1,"featured_media":42464,"comment_status":"open","ping_status":"open","sticky":false,"template":"","format":"standard","meta":{"rop_custom_images_group":[],"rop_custom_messages_group":[],"rop_publish_now":"initial","rop_publish_now_accounts":[],"rop_publish_now_history":[],"rop_publish_now_status":"pending","footnotes":""},"categories":[10],"tags":[3755],"class_list":["post-42462","post","type-post","status-publish","format-standard","has-post-thumbnail","hentry","category-actualidad-municipal","tag-miraflores"],"_links":{"self":[{"href":"https:\/\/elinformanteperu.com\/index.php\/wp-json\/wp\/v2\/posts\/42462","targetHints":{"allow":["GET"]}}],"collection":[{"href":"https:\/\/elinformanteperu.com\/index.php\/wp-json\/wp\/v2\/posts"}],"about":[{"href":"https:\/\/elinformanteperu.com\/index.php\/wp-json\/wp\/v2\/types\/post"}],"author":[{"embeddable":true,"href":"https:\/\/elinformanteperu.com\/index.php\/wp-json\/wp\/v2\/users\/1"}],"replies":[{"embeddable":true,"href":"https:\/\/elinformanteperu.com\/index.php\/wp-json\/wp\/v2\/comments?post=42462"}],"version-history":[{"count":1,"href":"https:\/\/elinformanteperu.com\/index.php\/wp-json\/wp\/v2\/posts\/42462\/revisions"}],"predecessor-version":[{"id":42465,"href":"https:\/\/elinformanteperu.com\/index.php\/wp-json\/wp\/v2\/posts\/42462\/revisions\/42465"}],"wp:featuredmedia":[{"embeddable":true,"href":"https:\/\/elinformanteperu.com\/index.php\/wp-json\/wp\/v2\/media\/42464"}],"wp:attachment":[{"href":"https:\/\/elinformanteperu.com\/index.php\/wp-json\/wp\/v2\/media?parent=42462"}],"wp:term":[{"taxonomy":"category","embeddable":true,"href":"https:\/\/elinformanteperu.com\/index.php\/wp-json\/wp\/v2\/categories?post=42462"},{"taxonomy":"post_tag","embeddable":true,"href":"https:\/\/elinformanteperu.com\/index.php\/wp-json\/wp\/v2\/tags?post=42462"}],"curies":[{"name":"wp","href":"https:\/\/api.w.org\/{rel}","templated":true}]}}