{"id":42405,"date":"2019-01-27T07:50:03","date_gmt":"2019-01-27T12:50:03","guid":{"rendered":"http:\/\/elinformanteperu.com\/?p=42405"},"modified":"2019-01-27T07:50:16","modified_gmt":"2019-01-27T12:50:16","slug":"conoce-cuando-se-inician-las-eliminatorias-al-mundial-de-catar-2022","status":"publish","type":"post","link":"https:\/\/elinformanteperu.com\/index.php\/2019\/01\/27\/conoce-cuando-se-inician-las-eliminatorias-al-mundial-de-catar-2022\/","title":{"rendered":"Conoce cu\u00e1ndo se inician las eliminatorias al Mundial de Catar 2022"},"content":{"rendered":"<p><strong><span style=\"color: #000000;\">Las eliminatorias sudamericanas para el Mundial de Catar 2022 arrancar\u00e1n en marzo del 2020 y se extender\u00e1n hasta noviembre del a\u00f1o siguiente.<\/span><\/strong><\/p>\n<p><span style=\"color: #000000;\"><strong>Rio de Janeiro, 25 de Enero 2019, (ANDINA).-<\/strong> Las eliminatorias sudamericanas para el Mundial de Catar 2022 arrancar\u00e1n en marzo del 2020 y se extender\u00e1n hasta noviembre del a\u00f1o siguiente, seg\u00fan decidi\u00f3 el consejo de la Conmebol en Rio de Janeiro, donde este jueves se realiza el sorteo de la Copa Am\u00e9rica 2019.<\/span><\/p>\n<p><span style=\"color: #000000;\">El calendario del clasificatorio -que volver\u00e1 a darse en formato de todos contra todos, con partidos de ida y vuelta- se defini\u00f3 antes de que la FIFA decidiera si el Mundial de Catar contar\u00eda con 32 selecciones, como hasta ahora, o adoptar\u00eda ya el nuevo modelo de 48.<\/span><\/p>\n<p><span style=\"color: #000000;\">Sudam\u00e9rica dispone actualmente de cuatro plazas directas para la Copa -m\u00e1s otra en caso de ganar un repechaje contra una selecci\u00f3n de Ocean\u00eda-, pero con el nuevo sistema pasar\u00eda a tener seis cupos, adem\u00e1s de la posibilidad de la repesca.<\/span><\/p>\n<p><span style=\"color: #000000;\">El aumento de las plazas restar\u00eda emoci\u00f3n a unas eliminatorias que enfrentan a las diez selecciones sudamericanas en 18 fechas, y que su \u00faltima edici\u00f3n vivieron una tensa recta final con la Argentina de Messi a punto de quedarse fuera de Rusia 2018.<\/span><\/p>\n<p><span style=\"color: #000000;\">\u00abPuede ser un problema, pero un problema bueno. Creo que la Conmebol debe contar con m\u00e1s plazas en la Copa. Creo que Infantino muestra mucho optimismo, pero el tiempo pasa y no veo que se concrete la idea de los 48\u00bb, afirm\u00f3 el presidente de la Conmebol, Alejandro Dom\u00ednguez -partidario de aumentar el formato ya en el pr\u00f3ximo mundial- este jueves en la brasile\u00f1a \u00abSporTV\u00bb.<\/span><\/p>\n<p><span style=\"color: #000000;\">Pase lo que pase, el clasificatorio sudamericano arrancar\u00e1 en marzo del 2020, cuando se disputar\u00e1n dos dobles jornadas tambi\u00e9n en setiembre, octubre y noviembre. Al a\u00f1o siguiente, las eliminatorias culminar\u00e1n con las dobles fechas de marzo, junio, setiembre, octubre y noviembre.<\/span><\/p>\n<p><span style=\"color: #000000;\">La selecci\u00f3n que dispute la repesca lo har\u00e1 en marzo del 2022, ya que el Mundial de Catar se jugar\u00e1 en noviembre y diciembre de ese a\u00f1o, debido al calor del pa\u00eds \u00e1rabe.<\/span><\/p>\n<p><strong><span style=\"color: #000000;\">Recopa Sudamericana en mayo<\/span><\/strong><\/p>\n<p><span style=\"color: #000000;\">El consejo de la Conmebol decidi\u00f3 igualmente las fechas de la Recopa Sudamericana entre River Plate, vencedor de la \u00faltima Libertadores, y el Atl\u00e9tico Paranaense, cuya ida ser\u00e1 el 22 de mayo en Brasil y la vuelta el 29 en Argentina.<\/span><\/p>\n<p><span style=\"color: #000000;\">La c\u00fapula del f\u00fatbol continental se encuentra reunida en R\u00edo de Janeiro, donde a partir de las 20H30 locales (22H30 GMT) se efectuar\u00e1 el sorteo de la fase de grupos de la Copa Am\u00e9rica 2019, a disputarse del 14 de junio al 7 de julio en Brasil.<\/span><\/p>\n<p><span style=\"color: #000000;\">La competici\u00f3n de selecciones m\u00e1s antigua del m<\/span>undo celebrar\u00e1 otra edici\u00f3n el 2020 y despu\u00e9s retornar\u00e1 a una periodicidad de cuatro a\u00f1os, en consonancia con la Eurocopa.<\/p>\n<p><img fetchpriority=\"high\" decoding=\"async\" class=\"aligncenter size-full wp-image-41740\" src=\"http:\/\/elinformanteperu.com\/wp-content\/uploads\/2019\/01\/peru-uruguay-sub-20.jpg\" alt=\"\" width=\"1800\" height=\"1200\" srcset=\"https:\/\/elinformanteperu.com\/wp-content\/uploads\/2019\/01\/peru-uruguay-sub-20.jpg 1800w, https:\/\/elinformanteperu.com\/wp-content\/uploads\/2019\/01\/peru-uruguay-sub-20-300x200.jpg 300w, https:\/\/elinformanteperu.com\/wp-content\/uploads\/2019\/01\/peru-uruguay-sub-20-768x512.jpg 768w, https:\/\/elinformanteperu.com\/wp-content\/uploads\/2019\/01\/peru-uruguay-sub-20-1024x683.jpg 1024w, https:\/\/elinformanteperu.com\/wp-content\/uploads\/2019\/01\/peru-uruguay-sub-20-128x85.jpg 128w, https:\/\/elinformanteperu.com\/wp-content\/uploads\/2019\/01\/peru-uruguay-sub-20-32x21.jpg 32w\" sizes=\"(max-width: 1800px) 100vw, 1800px\" \/><\/p>\n","protected":false},"excerpt":{"rendered":"<p>Las eliminatorias sudamericanas para el Mundial de Catar 2022 arrancar\u00e1n en marzo del 2020 y se extender\u00e1n hasta noviembre del a\u00f1o siguiente. Rio de Janeiro, 25 de Enero 2019, (ANDINA).- Las eliminatorias sudamericanas para el Mundial de Catar 2022 arrancar\u00e1n en marzo del 2020 y se extender\u00e1n hasta noviembre del a\u00f1o siguiente, seg\u00fan decidi\u00f3 el [&hellip;]<\/p>\n","protected":false},"author":1,"featured_media":34860,"comment_status":"open","ping_status":"open","sticky":false,"template":"","format":"standard","meta":{"rop_custom_images_group":[],"rop_custom_messages_group":[],"rop_publish_now":"initial","rop_publish_now_accounts":[],"rop_publish_now_history":[],"rop_publish_now_status":"pending","footnotes":""},"categories":[8],"tags":[4106,268,137],"class_list":["post-42405","post","type-post","status-publish","format-standard","has-post-thumbnail","hentry","category-disciplinas-deportivas","tag-eliminatorias-catar-2022","tag-fifa","tag-seleccion-peruana"],"_links":{"self":[{"href":"https:\/\/elinformanteperu.com\/index.php\/wp-json\/wp\/v2\/posts\/42405","targetHints":{"allow":["GET"]}}],"collection":[{"href":"https:\/\/elinformanteperu.com\/index.php\/wp-json\/wp\/v2\/posts"}],"about":[{"href":"https:\/\/elinformanteperu.com\/index.php\/wp-json\/wp\/v2\/types\/post"}],"author":[{"embeddable":true,"href":"https:\/\/elinformanteperu.com\/index.php\/wp-json\/wp\/v2\/users\/1"}],"replies":[{"embeddable":true,"href":"https:\/\/elinformanteperu.com\/index.php\/wp-json\/wp\/v2\/comments?post=42405"}],"version-history":[{"count":2,"href":"https:\/\/elinformanteperu.com\/index.php\/wp-json\/wp\/v2\/posts\/42405\/revisions"}],"predecessor-version":[{"id":42408,"href":"https:\/\/elinformanteperu.com\/index.php\/wp-json\/wp\/v2\/posts\/42405\/revisions\/42408"}],"wp:featuredmedia":[{"embeddable":true,"href":"https:\/\/elinformanteperu.com\/index.php\/wp-json\/wp\/v2\/media\/34860"}],"wp:attachment":[{"href":"https:\/\/elinformanteperu.com\/index.php\/wp-json\/wp\/v2\/media?parent=42405"}],"wp:term":[{"taxonomy":"category","embeddable":true,"href":"https:\/\/elinformanteperu.com\/index.php\/wp-json\/wp\/v2\/categories?post=42405"},{"taxonomy":"post_tag","embeddable":true,"href":"https:\/\/elinformanteperu.com\/index.php\/wp-json\/wp\/v2\/tags?post=42405"}],"curies":[{"name":"wp","href":"https:\/\/api.w.org\/{rel}","templated":true}]}}