{"id":41923,"date":"2019-01-20T22:30:26","date_gmt":"2019-01-21T03:30:26","guid":{"rendered":"http:\/\/elinformanteperu.com\/?p=41923"},"modified":"2019-01-20T22:30:26","modified_gmt":"2019-01-21T03:30:26","slug":"aprobacion-del-presidente-martin-vizcarra-se-ubica-en-63","status":"publish","type":"post","link":"https:\/\/elinformanteperu.com\/index.php\/2019\/01\/20\/aprobacion-del-presidente-martin-vizcarra-se-ubica-en-63\/","title":{"rendered":"Aprobaci\u00f3n del presidente Mart\u00edn Vizcarra se ubica en 63 %"},"content":{"rendered":"<p><strong><span style=\"color: #000000;\">La aprobaci\u00f3n a nivel nacional del presidente de la Rep\u00fablica, Mart\u00edn Vizcarra, se ubica en 63 % en el mes de enero, seg\u00fan en la \u00faltima encuesta de la empresa Ipsos.<\/span><\/strong><\/p>\n<p><span style=\"color: #000000;\"><strong>Lima, 20 de Enero 2019, (ANDINA).-<\/strong> La aprobaci\u00f3n a nivel nacional del presidente de la Rep\u00fablica, Mart\u00edn Vizcarra, se ubica en 63 % en el mes de enero, seg\u00fan en la \u00faltima encuesta de la empresa Ipsos.<\/span><\/p>\n<p><span style=\"color: #000000;\">Dicho sondeo publicado por el diario El Comercio, indica tambi\u00e9n que un 26% de encuestados desaprueba la gesti\u00f3n del jefe del Estado.<\/span><\/p>\n<p><span style=\"color: #000000;\">En el norte del pa\u00eds, la aprobaci\u00f3n presidencial se sit\u00faa en 66 %, en el centro en 55 %, en sur en 56 %, mientras que en el oriente en 63 %.<\/span><\/p>\n<p><span style=\"color: #000000;\">Entre los temas principales a los que el gobierno peruano deber\u00eda dar prioridad en el 2019, un 61 % de encuestados dijo que combatir la corrupci\u00f3n debe ser un asunto prioritario.<\/span><\/p>\n<p><span style=\"color: #000000;\">Un 48 % respondi\u00f3 que se debe mejorar la calidad de la educaci\u00f3n, un 35 % sostuvo que se debe mejorar la calidad de la salud p\u00fablica y 32 % que se debe mejorar la seguridad ciudadana.<\/span><\/p>\n<p><strong><span style=\"color: #000000;\">Ficha t\u00e9cnica<\/span><\/strong><br \/>\n<span style=\"color: #000000;\">Encuesta Nacional Urbano-Rural realizado por Ipsos Per\u00fa<\/span><br \/>\n<span style=\"color: #000000;\"><strong>Muestra:<\/strong> 1,213 entrevistados<\/span><br \/>\n<span style=\"color: #000000;\"><strong>Fecha:<\/strong> 16 al 18 de enero de 2019<\/span><br \/>\n<span style=\"color: #000000;\"><strong>Margen de error:<\/strong> +\/- 2,81%<\/span><br \/>\n<span style=\"color: #000000;\"><strong>Sistema de muestreo:<\/strong> probabil\u00edstico poliet\u00e1pico.<\/span><\/p>\n","protected":false},"excerpt":{"rendered":"<p>La aprobaci\u00f3n a nivel nacional del presidente de la Rep\u00fablica, Mart\u00edn Vizcarra, se ubica en 63 % en el mes de enero, seg\u00fan en la \u00faltima encuesta de la empresa Ipsos. Lima, 20 de Enero 2019, (ANDINA).- La aprobaci\u00f3n a nivel nacional del presidente de la Rep\u00fablica, Mart\u00edn Vizcarra, se ubica en 63 % en [&hellip;]<\/p>\n","protected":false},"author":1,"featured_media":41925,"comment_status":"open","ping_status":"open","sticky":false,"template":"","format":"standard","meta":{"rop_custom_images_group":[],"rop_custom_messages_group":[],"rop_publish_now":"initial","rop_publish_now_accounts":[],"rop_publish_now_history":[],"rop_publish_now_status":"pending","footnotes":""},"categories":[5],"tags":[2997,289],"class_list":["post-41923","post","type-post","status-publish","format-standard","has-post-thumbnail","hentry","category-actualidad-informativa","tag-ipsos-peru","tag-martin-vizcarra"],"_links":{"self":[{"href":"https:\/\/elinformanteperu.com\/index.php\/wp-json\/wp\/v2\/posts\/41923","targetHints":{"allow":["GET"]}}],"collection":[{"href":"https:\/\/elinformanteperu.com\/index.php\/wp-json\/wp\/v2\/posts"}],"about":[{"href":"https:\/\/elinformanteperu.com\/index.php\/wp-json\/wp\/v2\/types\/post"}],"author":[{"embeddable":true,"href":"https:\/\/elinformanteperu.com\/index.php\/wp-json\/wp\/v2\/users\/1"}],"replies":[{"embeddable":true,"href":"https:\/\/elinformanteperu.com\/index.php\/wp-json\/wp\/v2\/comments?post=41923"}],"version-history":[{"count":1,"href":"https:\/\/elinformanteperu.com\/index.php\/wp-json\/wp\/v2\/posts\/41923\/revisions"}],"predecessor-version":[{"id":41926,"href":"https:\/\/elinformanteperu.com\/index.php\/wp-json\/wp\/v2\/posts\/41923\/revisions\/41926"}],"wp:featuredmedia":[{"embeddable":true,"href":"https:\/\/elinformanteperu.com\/index.php\/wp-json\/wp\/v2\/media\/41925"}],"wp:attachment":[{"href":"https:\/\/elinformanteperu.com\/index.php\/wp-json\/wp\/v2\/media?parent=41923"}],"wp:term":[{"taxonomy":"category","embeddable":true,"href":"https:\/\/elinformanteperu.com\/index.php\/wp-json\/wp\/v2\/categories?post=41923"},{"taxonomy":"post_tag","embeddable":true,"href":"https:\/\/elinformanteperu.com\/index.php\/wp-json\/wp\/v2\/tags?post=41923"}],"curies":[{"name":"wp","href":"https:\/\/api.w.org\/{rel}","templated":true}]}}