{"id":41775,"date":"2019-01-18T23:35:24","date_gmt":"2019-01-19T04:35:24","guid":{"rendered":"http:\/\/elinformanteperu.com\/?p=41775"},"modified":"2019-01-18T23:35:24","modified_gmt":"2019-01-19T04:35:24","slug":"fiscalia-inicio-investigacion-contra-sedapal-por-el-presunto-delito-de-contaminacion","status":"publish","type":"post","link":"https:\/\/elinformanteperu.com\/index.php\/2019\/01\/18\/fiscalia-inicio-investigacion-contra-sedapal-por-el-presunto-delito-de-contaminacion\/","title":{"rendered":"Fiscal\u00eda inici\u00f3 investigaci\u00f3n contra Sedapal por el presunto delito de contaminaci\u00f3n"},"content":{"rendered":"<p><strong><span style=\"color: #000000;\">El Ministerio P\u00fablico abri\u00f3 investigaci\u00f3n contra quienes resulten responsables en Sedapal del presunto delito de contaminaci\u00f3n ambiental, a causa del aniego.<\/span><\/strong><\/p>\n<p><span style=\"color: #000000;\"><strong>Lima, 18 de Enero 2019, (ANDINA).<\/strong>&#8211; El Ministerio P\u00fablico abri\u00f3 investigaci\u00f3n contra quienes resulten responsables en Sedapal del presunto delito de contaminaci\u00f3n ambiental, a causa del aniego de aguas servidas que dej\u00f3 la rotura de una tuber\u00eda matriz en San Juan de Lurigancho el pasado 13 de enero.<\/span><\/p>\n<p><span style=\"color: #000000;\">Mediante su cuenta de Twitter, se informa que la Fiscal\u00eda Especializada en Materia Ambiental ha dispuesto que durante 60 d\u00edas se recabe los informes de Sedapal, el Ministerio de Vivienda, la Polic\u00eda Nacional y del equipo forense especializado en materia ambiental del Ministerio P\u00fablico.<\/span><\/p>\n<p><span style=\"color: #000000;\">El pasado domingo 13 de enero, un aniego de aguas servidas inund\u00f3 cuatro manzanas de la urbanizaci\u00f3n Los Jardines, ubicada cercana a la estaci\u00f3n Pir\u00e1mides del Sol del Metro de Lima. Esto motiv\u00f3 la respuesta r\u00e1pida de las entidades del Estado para ayudar a los vecinos damnificados.<\/span><\/p>\n<p><span style=\"color: #000000;\">A la fecha, las distintas instituciones del Estado han trabajado de la mano para retirar las aguas servidas, remover los escombros, limpiar y fumigar las casas de los vecinos que fueron afectados por este aniego.<\/span><\/p>\n","protected":false},"excerpt":{"rendered":"<p>El Ministerio P\u00fablico abri\u00f3 investigaci\u00f3n contra quienes resulten responsables en Sedapal del presunto delito de contaminaci\u00f3n ambiental, a causa del aniego. Lima, 18 de Enero 2019, (ANDINA).&#8211; El Ministerio P\u00fablico abri\u00f3 investigaci\u00f3n contra quienes resulten responsables en Sedapal del presunto delito de contaminaci\u00f3n ambiental, a causa del aniego de aguas servidas que dej\u00f3 la rotura [&hellip;]<\/p>\n","protected":false},"author":1,"featured_media":41777,"comment_status":"open","ping_status":"open","sticky":false,"template":"","format":"standard","meta":{"rop_custom_images_group":[],"rop_custom_messages_group":[],"rop_publish_now":"initial","rop_publish_now_accounts":[],"rop_publish_now_history":[],"rop_publish_now_status":"pending","footnotes":""},"categories":[10],"tags":[370,335,642],"class_list":["post-41775","post","type-post","status-publish","format-standard","has-post-thumbnail","hentry","category-actualidad-municipal","tag-ministerio-publico","tag-san-juan-de-lurigancho","tag-sedapal"],"_links":{"self":[{"href":"https:\/\/elinformanteperu.com\/index.php\/wp-json\/wp\/v2\/posts\/41775","targetHints":{"allow":["GET"]}}],"collection":[{"href":"https:\/\/elinformanteperu.com\/index.php\/wp-json\/wp\/v2\/posts"}],"about":[{"href":"https:\/\/elinformanteperu.com\/index.php\/wp-json\/wp\/v2\/types\/post"}],"author":[{"embeddable":true,"href":"https:\/\/elinformanteperu.com\/index.php\/wp-json\/wp\/v2\/users\/1"}],"replies":[{"embeddable":true,"href":"https:\/\/elinformanteperu.com\/index.php\/wp-json\/wp\/v2\/comments?post=41775"}],"version-history":[{"count":1,"href":"https:\/\/elinformanteperu.com\/index.php\/wp-json\/wp\/v2\/posts\/41775\/revisions"}],"predecessor-version":[{"id":41778,"href":"https:\/\/elinformanteperu.com\/index.php\/wp-json\/wp\/v2\/posts\/41775\/revisions\/41778"}],"wp:featuredmedia":[{"embeddable":true,"href":"https:\/\/elinformanteperu.com\/index.php\/wp-json\/wp\/v2\/media\/41777"}],"wp:attachment":[{"href":"https:\/\/elinformanteperu.com\/index.php\/wp-json\/wp\/v2\/media?parent=41775"}],"wp:term":[{"taxonomy":"category","embeddable":true,"href":"https:\/\/elinformanteperu.com\/index.php\/wp-json\/wp\/v2\/categories?post=41775"},{"taxonomy":"post_tag","embeddable":true,"href":"https:\/\/elinformanteperu.com\/index.php\/wp-json\/wp\/v2\/tags?post=41775"}],"curies":[{"name":"wp","href":"https:\/\/api.w.org\/{rel}","templated":true}]}}