{"id":41763,"date":"2019-01-18T23:21:08","date_gmt":"2019-01-19T04:21:08","guid":{"rendered":"http:\/\/elinformanteperu.com\/?p=41763"},"modified":"2019-01-18T23:21:08","modified_gmt":"2019-01-19T04:21:08","slug":"prohiben-uso-de-canitas-y-tecnopor-en-gobierno-regional-de-san-martin","status":"publish","type":"post","link":"https:\/\/elinformanteperu.com\/index.php\/2019\/01\/18\/prohiben-uso-de-canitas-y-tecnopor-en-gobierno-regional-de-san-martin\/","title":{"rendered":"Proh\u00edben uso de ca\u00f1itas y tecnopor en Gobierno Regional de San Mart\u00edn"},"content":{"rendered":"<p><strong><span style=\"color: #000000;\">A partir de la fecha qued\u00f3 prohibido que las dependencias del Gobierno Regional de San Mart\u00edn usen y permitan el uso de ca\u00f1itas de pl\u00e1stico y envases de tecnopor.<\/span><\/strong><\/p>\n<p><span style=\"color: #000000;\"><strong>San Mart\u00edn, 18 de Enero 2019, (ANDINA).-<\/strong> A partir de la fecha qued\u00f3 prohibido que las dependencias del Gobierno Regional de San Mart\u00edn usen y permitan el uso de ca\u00f1itas de pl\u00e1stico y envases de tecnopor.<\/span><\/p>\n<p><span style=\"color: #000000;\">La prohibici\u00f3n del uso de pl\u00e1sticos de un solo uso en dicha entidad regional, se decidi\u00f3 siguiendo las pol\u00edticas del Estado peruano en temas de conservaci\u00f3n y respondiendo a la preocupaci\u00f3n ambiental del gobernador regional de San Mart\u00edn, Pedro Bogar\u00edn.<\/span><\/p>\n<p><span style=\"color: #000000;\">La disposici\u00f3n es de car\u00e1cter general y alcanza tambi\u00e9n a las empresas que brindan servicios de alimentaci\u00f3n, a quienes se exhort\u00f3 a modificar sus h\u00e1bitos de comercializaci\u00f3n de alimentos, usando vasos de vidrio o loza y envases descartables ecoamigables como los de ca\u00f1a de az\u00facar y hojas de palmera.<\/span><\/p>\n<p><span style=\"color: #000000;\">Asimismo, se record\u00f3 a los funcionarios que est\u00e1 terminantemente prohibida la distribuci\u00f3n de bebidas gaseosas en cualquier tipo de actividad organizada por el Gobierno Regional de San Mart\u00edn.<\/span><\/p>\n<p><span style=\"color: #000000;\">Como se sabe, San Mart\u00edn es una regi\u00f3n amaz\u00f3nica que conserva 3 millones 629 mil 876 hect\u00e1reas de bosques de protecci\u00f3n y 825 mil 982 hect\u00e1reas para uso forestal.<\/span><\/p>\n","protected":false},"excerpt":{"rendered":"<p>A partir de la fecha qued\u00f3 prohibido que las dependencias del Gobierno Regional de San Mart\u00edn usen y permitan el uso de ca\u00f1itas de pl\u00e1stico y envases de tecnopor. San Mart\u00edn, 18 de Enero 2019, (ANDINA).- A partir de la fecha qued\u00f3 prohibido que las dependencias del Gobierno Regional de San Mart\u00edn usen y permitan [&hellip;]<\/p>\n","protected":false},"author":1,"featured_media":41765,"comment_status":"open","ping_status":"open","sticky":false,"template":"","format":"standard","meta":{"rop_custom_images_group":[],"rop_custom_messages_group":[],"rop_publish_now":"initial","rop_publish_now_accounts":[],"rop_publish_now_history":[],"rop_publish_now_status":"pending","footnotes":""},"categories":[10],"tags":[1395,307],"class_list":["post-41763","post","type-post","status-publish","format-standard","has-post-thumbnail","hentry","category-actualidad-municipal","tag-gobierno-regional-de-san-martin","tag-san-martin"],"_links":{"self":[{"href":"https:\/\/elinformanteperu.com\/index.php\/wp-json\/wp\/v2\/posts\/41763","targetHints":{"allow":["GET"]}}],"collection":[{"href":"https:\/\/elinformanteperu.com\/index.php\/wp-json\/wp\/v2\/posts"}],"about":[{"href":"https:\/\/elinformanteperu.com\/index.php\/wp-json\/wp\/v2\/types\/post"}],"author":[{"embeddable":true,"href":"https:\/\/elinformanteperu.com\/index.php\/wp-json\/wp\/v2\/users\/1"}],"replies":[{"embeddable":true,"href":"https:\/\/elinformanteperu.com\/index.php\/wp-json\/wp\/v2\/comments?post=41763"}],"version-history":[{"count":1,"href":"https:\/\/elinformanteperu.com\/index.php\/wp-json\/wp\/v2\/posts\/41763\/revisions"}],"predecessor-version":[{"id":41766,"href":"https:\/\/elinformanteperu.com\/index.php\/wp-json\/wp\/v2\/posts\/41763\/revisions\/41766"}],"wp:featuredmedia":[{"embeddable":true,"href":"https:\/\/elinformanteperu.com\/index.php\/wp-json\/wp\/v2\/media\/41765"}],"wp:attachment":[{"href":"https:\/\/elinformanteperu.com\/index.php\/wp-json\/wp\/v2\/media?parent=41763"}],"wp:term":[{"taxonomy":"category","embeddable":true,"href":"https:\/\/elinformanteperu.com\/index.php\/wp-json\/wp\/v2\/categories?post=41763"},{"taxonomy":"post_tag","embeddable":true,"href":"https:\/\/elinformanteperu.com\/index.php\/wp-json\/wp\/v2\/tags?post=41763"}],"curies":[{"name":"wp","href":"https:\/\/api.w.org\/{rel}","templated":true}]}}