{"id":41759,"date":"2019-01-18T23:14:37","date_gmt":"2019-01-19T04:14:37","guid":{"rendered":"http:\/\/elinformanteperu.com\/?p=41759"},"modified":"2019-01-18T23:14:37","modified_gmt":"2019-01-19T04:14:37","slug":"nuevo-titular-de-la-angr-ratifica-compromiso-de-gobernadores-en-lucha-contra-corrupcion","status":"publish","type":"post","link":"https:\/\/elinformanteperu.com\/index.php\/2019\/01\/18\/nuevo-titular-de-la-angr-ratifica-compromiso-de-gobernadores-en-lucha-contra-corrupcion\/","title":{"rendered":"Nuevo titular de la ANGR ratifica compromiso de gobernadores en lucha contra corrupci\u00f3n"},"content":{"rendered":"<p><strong><span style=\"color: #000000;\">El nuevo presidente de la Asamblea Nacional de Gobiernos Regionales, Mes\u00edas Guevara Amasifu\u00e9n, ratific\u00f3 el compromiso de los gobernadores regionales para sumarse a la lucha frontal contra la corrupci\u00f3n.<\/span><\/strong><\/p>\n<p><span style=\"color: #000000;\"><strong>Lima, 18 de Enero 2019, (ANDINA).-<\/strong> El nuevo presidente de la Asamblea Nacional de Gobiernos Regionales (ANGR), Mes\u00edas Guevara Amasifu\u00e9n, ratific\u00f3 el compromiso de los gobernadores regionales para sumarse a la lucha frontal contra la corrupci\u00f3n que lidera el gobierno del presidente Mart\u00edn Vizcarra Cornejo.<\/span><\/p>\n<p><span style=\"color: #000000;\">Luego de ser elegido junto a los integrantes del Consejo Directivo para el periodo 2019-2020, el tambi\u00e9n gobernador de Cajamarca destac\u00f3 la importancia de combatir este flagelo que tanto da\u00f1o ha causado al pa\u00eds a lo largo de su historia y que ha limitado mucho su desarrollo.<\/span><\/p>\n<p><span style=\"color: #000000;\">En la ceremonia de elecci\u00f3n, juramentaci\u00f3n y asunci\u00f3n del cargo como nuevo titular de la ANGR participaron el presidente de la Rep\u00fablica, Mart\u00edn Vizcarra Cornejo; y el jefe del Gabinete Ministerial, C\u00e9sar Villanueva Ar\u00e9valo; as\u00ed como varios ministros de Estado.<\/span><\/p>\n<p><span style=\"color: #000000;\">\u201cSe\u00f1or Presidente, encuentre usted siempre en nosotros los gobernadores regionales sus aliados para luchar de manera frontal contra la corrupci\u00f3n, y tambi\u00e9n para consolidar la estabilidad democr\u00e1tica de nuestro pa\u00eds. Encuentre usted en nosotros, que venimos con mucha humildad e ilusi\u00f3n, pero con la firme convicci\u00f3n democr\u00e1tica para encontrar de manera concertada y consensuada las soluciones para el desarrollo de nuestras regiones\u201d, manifest\u00f3.<\/span><\/p>\n<p><span style=\"color: #000000;\">Refiri\u00f3 que en el Consejo Regional de Cajamarca se aprob\u00f3, por primera vez, el establecimiento de la Declaraci\u00f3n Jurada de Intereses para todos los funcionarios de dicho gobierno regional.<\/span><\/p>\n<p><span style=\"color: #000000;\">En ese sentido, inst\u00f3 a sus colegas gobernadores que hagan lo mismo en sus respectivas administraciones para contribuir a la transparencia en la gesti\u00f3n p\u00fablica y en el manejo de los recursos p\u00fablicos, porque \u201cel Per\u00fa est\u00e1 primero\u201d.<\/span><\/p>\n<p><strong><span style=\"color: #000000;\">Consolidar descentralizaci\u00f3n<\/span><\/strong><\/p>\n<p><span style=\"color: #000000;\">Guevara Amasifu\u00e9n sostuvo tambi\u00e9n que es fundamental consolidar la descentralizaci\u00f3n del pa\u00eds, y en ese sentido, resalt\u00f3 la voluntad pol\u00edtica y el liderazgo del presidente Mart\u00edn Vizcarra en ese objetivo dada su experiencia como exgobernador regional de Moquegua y su conocimiento de las necesidades de la poblaci\u00f3n.<\/span><\/p>\n<p><span style=\"color: #000000;\">El titular de la ANGR tambi\u00e9n consider\u00f3 que es necesario evitar la duplicaci\u00f3n de funciones en algunas regiones donde existen oficinas de Ministerios como el de Vivienda que cumplir\u00edan el mismo rol que las direcciones regionales.<\/span><\/p>\n<p><span style=\"color: #000000;\">\u201cPedimos consensuar y coordinar para evitar la duplicaci\u00f3n de esfuerzos\u201d, anot\u00f3.<\/span><\/p>\n<p><span style=\"color: #000000;\">Asimismo, dijo que es clave la articulaci\u00f3n de esfuerzos para fortalecer la presencia del Estado en las zonas m\u00e1s necesitadas y menos desarrolladas del pa\u00eds, a fin de reducir al m\u00e1ximo posible la anemia y la desnutrici\u00f3n cr\u00f3nica infantil.<\/span><\/p>\n<p><span style=\"color: #000000;\">El gobernador de Cajamarca transmiti\u00f3 la preocupaci\u00f3n de las 25 autoridades regionales respecto a la ampliaci\u00f3n por dos a\u00f1os del periodo de los directores de las Unidades de Gesti\u00f3n Educativa Local (Ugel), cuyo mandato culmin\u00f3 en diciembre del a\u00f1o 2018.<\/span><\/p>\n<p><span style=\"color: #000000;\">\u201cSolicitamos que se deje sin efecto esa decisi\u00f3n del Ministerio de Educaci\u00f3n porque esos funcionarios tienen una visi\u00f3n distinta y, en ciertos casos, existen sospechas de presuntos actos de corrupci\u00f3n. Por ello, en el caso de la regi\u00f3n Cajamarca, hemos decidido hacer una auditor\u00eda a la administraci\u00f3n de las 13 Ugel que existen\u201d, expres\u00f3.<\/span><\/p>\n<p><span style=\"color: #000000;\">Otro aspecto que Guevara plante\u00f3 como prioritario es establecer mesas de di\u00e1logo en las poblaciones donde se ejecutan actividades extractivas.<\/span><\/p>\n<p><span style=\"color: #000000;\">Finalmente, el gobernador regional de Cajamarca exhort\u00f3 a sus colegas y a las autoridades del Ejecutivo a trabajar unidos para reducir las brechas sociales y de infraestructura. Respecto a esto \u00faltimo, afirm\u00f3 que es clave garantizar un buen servicio de internet de banda ancha a todas las provincias, mediante la red dorsal de fibra \u00f3ptica que demanda una inversi\u00f3n superior a 300 millones de soles.<\/span><\/p>\n<p><span style=\"color: #000000;\">\u201cLa consolidaci\u00f3n del desarrollo de nuestro pa\u00eds depende tambi\u00e9n de la democratizaci\u00f3n del acceso a la sociedad del conocimiento mediante internet\u201d, puntualiz\u00f3.<\/span><\/p>\n","protected":false},"excerpt":{"rendered":"<p>El nuevo presidente de la Asamblea Nacional de Gobiernos Regionales, Mes\u00edas Guevara Amasifu\u00e9n, ratific\u00f3 el compromiso de los gobernadores regionales para sumarse a la lucha frontal contra la corrupci\u00f3n. Lima, 18 de Enero 2019, (ANDINA).- El nuevo presidente de la Asamblea Nacional de Gobiernos Regionales (ANGR), Mes\u00edas Guevara Amasifu\u00e9n, ratific\u00f3 el compromiso de los gobernadores [&hellip;]<\/p>\n","protected":false},"author":1,"featured_media":41761,"comment_status":"open","ping_status":"open","sticky":false,"template":"","format":"standard","meta":{"rop_custom_images_group":[],"rop_custom_messages_group":[],"rop_publish_now":"initial","rop_publish_now_accounts":[],"rop_publish_now_history":[],"rop_publish_now_status":"pending","footnotes":""},"categories":[10],"tags":[4071,4072,978,3942],"class_list":["post-41759","post","type-post","status-publish","format-standard","has-post-thumbnail","hentry","category-actualidad-municipal","tag-angr","tag-asamblea-nacional-de-gobiernos-regionales","tag-cajamarca","tag-mesias-guevara"],"_links":{"self":[{"href":"https:\/\/elinformanteperu.com\/index.php\/wp-json\/wp\/v2\/posts\/41759","targetHints":{"allow":["GET"]}}],"collection":[{"href":"https:\/\/elinformanteperu.com\/index.php\/wp-json\/wp\/v2\/posts"}],"about":[{"href":"https:\/\/elinformanteperu.com\/index.php\/wp-json\/wp\/v2\/types\/post"}],"author":[{"embeddable":true,"href":"https:\/\/elinformanteperu.com\/index.php\/wp-json\/wp\/v2\/users\/1"}],"replies":[{"embeddable":true,"href":"https:\/\/elinformanteperu.com\/index.php\/wp-json\/wp\/v2\/comments?post=41759"}],"version-history":[{"count":1,"href":"https:\/\/elinformanteperu.com\/index.php\/wp-json\/wp\/v2\/posts\/41759\/revisions"}],"predecessor-version":[{"id":41762,"href":"https:\/\/elinformanteperu.com\/index.php\/wp-json\/wp\/v2\/posts\/41759\/revisions\/41762"}],"wp:featuredmedia":[{"embeddable":true,"href":"https:\/\/elinformanteperu.com\/index.php\/wp-json\/wp\/v2\/media\/41761"}],"wp:attachment":[{"href":"https:\/\/elinformanteperu.com\/index.php\/wp-json\/wp\/v2\/media?parent=41759"}],"wp:term":[{"taxonomy":"category","embeddable":true,"href":"https:\/\/elinformanteperu.com\/index.php\/wp-json\/wp\/v2\/categories?post=41759"},{"taxonomy":"post_tag","embeddable":true,"href":"https:\/\/elinformanteperu.com\/index.php\/wp-json\/wp\/v2\/tags?post=41759"}],"curies":[{"name":"wp","href":"https:\/\/api.w.org\/{rel}","templated":true}]}}