{"id":41755,"date":"2019-01-18T23:10:12","date_gmt":"2019-01-19T04:10:12","guid":{"rendered":"http:\/\/elinformanteperu.com\/?p=41755"},"modified":"2019-01-18T23:10:12","modified_gmt":"2019-01-19T04:10:12","slug":"conoce-al-consejo-directivo-de-la-angr-2019-2020-presidido-por-mesias-guevara","status":"publish","type":"post","link":"https:\/\/elinformanteperu.com\/index.php\/2019\/01\/18\/conoce-al-consejo-directivo-de-la-angr-2019-2020-presidido-por-mesias-guevara\/","title":{"rendered":"Conoce al Consejo Directivo de la ANGR 2019-2020 presidido por Mes\u00edas Guevara"},"content":{"rendered":"<p><strong><span style=\"color: #000000;\">El gobernador regional de Cajamarca, Mes\u00edas Guevara Amasifu\u00e9n, fue elegido como presidente de la Asamblea Nacional de Gobiernos Regionales (ANGR) 2019-2020.<\/span><\/strong><\/p>\n<p><span style=\"color: #000000;\"><strong>Lima, 18 de Enero 2019, (ANDINA).-<\/strong> El gobernador regional de Cajamarca, Mes\u00edas Guevara Amasifu\u00e9n, fue elegido como presidente de la Asamblea Nacional de Gobiernos Regionales (ANGR) 2019-2020, y junto con \u00e9l fueron electos otros seis gobernadores que integran el Consejo Directivo. Conoce a continuaci\u00f3n quienes son.<\/span><\/p>\n<p><span style=\"color: #000000;\">Para la vicepresidencia de la ANGR fue elegido Pedro Ubaldo Polinar, gobernador regional de Pasco; mientras que como secretario asumi\u00f3 Javier Gallegos Barrientos, gobernador regional de Ica.<\/span><\/p>\n<p><span style=\"color: #000000;\">Tambi\u00e9n fueron elegidos como directores los gobernadores regionales de Ucayali, Francisco Pezo Torres; el gobernador regional de Hu\u00e1nuco, Juan Alvarado Cornelio; el gobernador regional de Apur\u00edmac, Baltazar Lantar\u00f3n N\u00fa\u00f1ez; y el gobernador regional de \u00c1ncash, Juan Carlos Murillo.<\/span><\/p>\n<p><span style=\"color: #000000;\">Ellos conformaron una lista de consenso que recibi\u00f3 el respaldo de los 25 gobernadores regionales que integran la ANGR.<\/span><\/p>\n<p><span style=\"color: #000000;\">Mes\u00edas Guevara reemplaz\u00f3 en el cargo a Luis Valdez, exgobernador regional de La Libertad, quien jurament\u00f3 a su sucesor y este, a su vez, hizo lo propio con los nuevos miembros del Consejo Directivo para el per\u00edodo 2019-2020.<\/span><\/p>\n<p><span style=\"color: #000000;\">Este solemne acto cont\u00f3 con la presencia del presidente de la Rep\u00fablica, Mart\u00edn Vizcarra Cornejo; y del jefe del Gabinete Ministerial, C\u00e9sar Villanueva Ar\u00e9valo.<\/span><\/p>\n<p><span style=\"color: #000000;\">Al acto tambi\u00e9n asistieron los ministros de Desarrollo e Inclusi\u00f3n Social, Liliana La Rosa; de Agricultura y Riego, Gustavo Mostajo; y de Trabajo y Promoci\u00f3n del Empleo, Sylvia C\u00e1ceres.<\/span><\/p>\n","protected":false},"excerpt":{"rendered":"<p>El gobernador regional de Cajamarca, Mes\u00edas Guevara Amasifu\u00e9n, fue elegido como presidente de la Asamblea Nacional de Gobiernos Regionales (ANGR) 2019-2020. Lima, 18 de Enero 2019, (ANDINA).- El gobernador regional de Cajamarca, Mes\u00edas Guevara Amasifu\u00e9n, fue elegido como presidente de la Asamblea Nacional de Gobiernos Regionales (ANGR) 2019-2020, y junto con \u00e9l fueron electos otros [&hellip;]<\/p>\n","protected":false},"author":1,"featured_media":41757,"comment_status":"open","ping_status":"open","sticky":false,"template":"","format":"standard","meta":{"rop_custom_images_group":[],"rop_custom_messages_group":[],"rop_publish_now":"initial","rop_publish_now_accounts":[],"rop_publish_now_history":[],"rop_publish_now_status":"pending","footnotes":""},"categories":[10],"tags":[4071,4072,978,3942],"class_list":["post-41755","post","type-post","status-publish","format-standard","has-post-thumbnail","hentry","category-actualidad-municipal","tag-angr","tag-asamblea-nacional-de-gobiernos-regionales","tag-cajamarca","tag-mesias-guevara"],"_links":{"self":[{"href":"https:\/\/elinformanteperu.com\/index.php\/wp-json\/wp\/v2\/posts\/41755","targetHints":{"allow":["GET"]}}],"collection":[{"href":"https:\/\/elinformanteperu.com\/index.php\/wp-json\/wp\/v2\/posts"}],"about":[{"href":"https:\/\/elinformanteperu.com\/index.php\/wp-json\/wp\/v2\/types\/post"}],"author":[{"embeddable":true,"href":"https:\/\/elinformanteperu.com\/index.php\/wp-json\/wp\/v2\/users\/1"}],"replies":[{"embeddable":true,"href":"https:\/\/elinformanteperu.com\/index.php\/wp-json\/wp\/v2\/comments?post=41755"}],"version-history":[{"count":1,"href":"https:\/\/elinformanteperu.com\/index.php\/wp-json\/wp\/v2\/posts\/41755\/revisions"}],"predecessor-version":[{"id":41758,"href":"https:\/\/elinformanteperu.com\/index.php\/wp-json\/wp\/v2\/posts\/41755\/revisions\/41758"}],"wp:featuredmedia":[{"embeddable":true,"href":"https:\/\/elinformanteperu.com\/index.php\/wp-json\/wp\/v2\/media\/41757"}],"wp:attachment":[{"href":"https:\/\/elinformanteperu.com\/index.php\/wp-json\/wp\/v2\/media?parent=41755"}],"wp:term":[{"taxonomy":"category","embeddable":true,"href":"https:\/\/elinformanteperu.com\/index.php\/wp-json\/wp\/v2\/categories?post=41755"},{"taxonomy":"post_tag","embeddable":true,"href":"https:\/\/elinformanteperu.com\/index.php\/wp-json\/wp\/v2\/tags?post=41755"}],"curies":[{"name":"wp","href":"https:\/\/api.w.org\/{rel}","templated":true}]}}