{"id":41751,"date":"2019-01-18T22:55:24","date_gmt":"2019-01-19T03:55:24","guid":{"rendered":"http:\/\/elinformanteperu.com\/?p=41751"},"modified":"2019-01-18T22:55:24","modified_gmt":"2019-01-19T03:55:24","slug":"mtc-restringe-circulacion-de-vehiculos-grandes-por-la-carretera-central","status":"publish","type":"post","link":"https:\/\/elinformanteperu.com\/index.php\/2019\/01\/18\/mtc-restringe-circulacion-de-vehiculos-grandes-por-la-carretera-central\/","title":{"rendered":"MTC restringe circulaci\u00f3n de veh\u00edculos grandes por la carretera Central"},"content":{"rendered":"<p><strong><span style=\"color: #000000;\">El Ministerio de Transportes y Comunicaciones estableci\u00f3 medidas para regular la circulaci\u00f3n de veh\u00edculos especiales en ambos sentidos de la carretera Central.<\/span><\/strong><\/p>\n<p><span style=\"color: #000000;\"><strong>Lima, 18 de Enero 2019, (ANDINA).-<\/strong> El Ministerio de Transportes y Comunicaciones (MTC) estableci\u00f3 medidas para regular la circulaci\u00f3n de veh\u00edculos especiales en ambos sentidos de la carretera Central, en el tramo comprendido entre el kil\u00f3metro 23, en Chaclacayo, en Lima; y el kil\u00f3metro 145, centro poblado Pucar\u00e1, en Jun\u00edn.<\/span><\/p>\n<p><span style=\"color: #000000;\">La restricci\u00f3n de veh\u00edculos pesados permitir\u00e1 que los ciudadanos utilicen esta importante v\u00eda los fines de semana.<\/span><\/p>\n<p><span style=\"color: #000000;\">Seg\u00fan el MTC, la medida se adopt\u00f3 con la finalidad de garantizar la transitabilidad por la carretera Central y reducir los tiempos de viajes de los ciudadanos que utilicen esta importante v\u00eda los fines de semana.<\/span><\/p>\n<p><span style=\"color: #000000;\">As\u00ed se dispuso a trav\u00e9s de la Resoluci\u00f3n Directoral N\u00b0 070-2019-MTC\/15, publicada hoy en El Peruano, que incluye a los veh\u00edculos especiales, entendidos como aquellos que exceden pesos, dimensiones y otras caracter\u00edsticas establecidas en el Reglamento Nacional Vehicular -RNV), a los veh\u00edculos que transportan mercanc\u00eda especial y a las combinaciones vehiculares especiales (bitrenes).<\/span><\/p>\n<p><span style=\"color: #000000;\">Los veh\u00edculos especiales con autorizaci\u00f3n temporal para la circulaci\u00f3n y aquellos que transportan mercanc\u00eda especial de hasta 4 metros de ancho y de hasta 60 toneladas de carga, solo circular\u00e1n de lunes a jueves con autorizaci\u00f3n de Provias Nacional (m\u00e1ximo 50 unidades por d\u00eda). Los d\u00edas viernes, s\u00e1bado y domingo del 2019, no podr\u00e1n circular. Respecto a las combinaciones vehiculares especiales (bitrenes), \u00e9stas no circular\u00e1n por la carretera Central el 2019.<\/span><\/p>\n<p><span style=\"color: #000000;\">El MTC destac\u00f3 que en casos excepcionales, por razones de urgencia debidamente justificadas o razones de inter\u00e9s nacional, Provias Nacional podr\u00e1 autorizar la circulaci\u00f3n de los veh\u00edculos que son objeto de la restricci\u00f3n, previo aviso a la Sutran.<\/span><\/p>\n<p><span style=\"color: #000000;\">La Unidad T\u00e1ctica de Atenci\u00f3n de Emergencias en la Carretera Central deber\u00e1 coordinar la ejecuci\u00f3n de la presente medida. Asimismo, las acciones de control para detectar cualquier infracci\u00f3n de tr\u00e1nsito y\/o conducta indebida por no acatar la norma estar\u00e1n a cargo de la Polic\u00eda Nacional del Per\u00fa, en coordinaci\u00f3n con la Sutran.<\/span><\/p>\n<p><span style=\"color: #000000;\">Por \u00faltimo, el MTC record\u00f3 que ha dictado medidas de restricci\u00f3n similares desde el a\u00f1o 2015.<\/span><\/p>\n","protected":false},"excerpt":{"rendered":"<p>El Ministerio de Transportes y Comunicaciones estableci\u00f3 medidas para regular la circulaci\u00f3n de veh\u00edculos especiales en ambos sentidos de la carretera Central. Lima, 18 de Enero 2019, (ANDINA).- El Ministerio de Transportes y Comunicaciones (MTC) estableci\u00f3 medidas para regular la circulaci\u00f3n de veh\u00edculos especiales en ambos sentidos de la carretera Central, en el tramo comprendido [&hellip;]<\/p>\n","protected":false},"author":1,"featured_media":41753,"comment_status":"open","ping_status":"open","sticky":false,"template":"","format":"standard","meta":{"rop_custom_images_group":[],"rop_custom_messages_group":[],"rop_publish_now":"initial","rop_publish_now_accounts":[],"rop_publish_now_history":[],"rop_publish_now_status":"pending","footnotes":""},"categories":[10],"tags":[318,317,617],"class_list":["post-41751","post","type-post","status-publish","format-standard","has-post-thumbnail","hentry","category-actualidad-municipal","tag-ministerio-de-transportes-y-comunicaciones","tag-mtc","tag-sutran"],"_links":{"self":[{"href":"https:\/\/elinformanteperu.com\/index.php\/wp-json\/wp\/v2\/posts\/41751","targetHints":{"allow":["GET"]}}],"collection":[{"href":"https:\/\/elinformanteperu.com\/index.php\/wp-json\/wp\/v2\/posts"}],"about":[{"href":"https:\/\/elinformanteperu.com\/index.php\/wp-json\/wp\/v2\/types\/post"}],"author":[{"embeddable":true,"href":"https:\/\/elinformanteperu.com\/index.php\/wp-json\/wp\/v2\/users\/1"}],"replies":[{"embeddable":true,"href":"https:\/\/elinformanteperu.com\/index.php\/wp-json\/wp\/v2\/comments?post=41751"}],"version-history":[{"count":1,"href":"https:\/\/elinformanteperu.com\/index.php\/wp-json\/wp\/v2\/posts\/41751\/revisions"}],"predecessor-version":[{"id":41754,"href":"https:\/\/elinformanteperu.com\/index.php\/wp-json\/wp\/v2\/posts\/41751\/revisions\/41754"}],"wp:featuredmedia":[{"embeddable":true,"href":"https:\/\/elinformanteperu.com\/index.php\/wp-json\/wp\/v2\/media\/41753"}],"wp:attachment":[{"href":"https:\/\/elinformanteperu.com\/index.php\/wp-json\/wp\/v2\/media?parent=41751"}],"wp:term":[{"taxonomy":"category","embeddable":true,"href":"https:\/\/elinformanteperu.com\/index.php\/wp-json\/wp\/v2\/categories?post=41751"},{"taxonomy":"post_tag","embeddable":true,"href":"https:\/\/elinformanteperu.com\/index.php\/wp-json\/wp\/v2\/tags?post=41751"}],"curies":[{"name":"wp","href":"https:\/\/api.w.org\/{rel}","templated":true}]}}