{"id":41747,"date":"2019-01-18T22:48:20","date_gmt":"2019-01-19T03:48:20","guid":{"rendered":"http:\/\/elinformanteperu.com\/?p=41747"},"modified":"2019-01-18T22:48:20","modified_gmt":"2019-01-19T03:48:20","slug":"mesias-guevara-preside-nueva-directiva-de-asamblea-nacional-de-gobiernos-regionales","status":"publish","type":"post","link":"https:\/\/elinformanteperu.com\/index.php\/2019\/01\/18\/mesias-guevara-preside-nueva-directiva-de-asamblea-nacional-de-gobiernos-regionales\/","title":{"rendered":"Mes\u00edas Guevara preside nueva directiva de Asamblea Nacional de Gobiernos Regionales"},"content":{"rendered":"<p><strong><span style=\"color: #000000;\">El gobernador regional de Cajamarca, Mes\u00edas Guevara Amasifu\u00e9n, result\u00f3 elegido nuevo presidente de la Asamblea Nacional de Gobiernos Regionales (ANGR).<\/span><\/strong><\/p>\n<p><span style=\"color: #000000;\"><strong>Lima, 18 de Enero 2019, (ANDINA).-<\/strong> El gobernador regional de Cajamarca, Mes\u00edas Guevara Amasifu\u00e9n, result\u00f3 elegido nuevo presidente de la Asamblea Nacional de Gobiernos Regionales (ANGR).<\/span><\/p>\n<p><span style=\"color: #000000;\">Mes\u00edas Guevara tom\u00f3 juramento del cargo en una ceremonia encabezada por el Presidente de la Rep\u00fablica, Mart\u00edn Vizcarra. En el acto participa tambi\u00e9n el jefe del Gabinete Ministerial, C\u00e9sar Villanueva.<\/span><\/p>\n<p><span style=\"color: #000000;\">En su discurso, Mes\u00edas Guevara reafirm\u00f3 el compromiso de los gobernadores regionales de trabajar junto con el Ejecutivo en combatir la corrupci\u00f3n y consolidar la estabilidad democr\u00e1tica del pa\u00eds.<\/span><\/p>\n<p><span style=\"color: #000000;\">El gobernador regional de Cajamarca sustituye en el cargo de presidente de la ANGR a Luis Valdez, ex gobernador regional de La Libertad.<\/span><\/p>\n<p><span style=\"color: #000000;\">La elecci\u00f3n de la nueva junta directiva de la ANGR fue dirigida por el exgobernador de La Libertad Luis Vald\u00e9s Far\u00edas, saliente titular de la Asamblea Nacional de Gobiernos Regionales.<\/span><\/p>\n","protected":false},"excerpt":{"rendered":"<p>El gobernador regional de Cajamarca, Mes\u00edas Guevara Amasifu\u00e9n, result\u00f3 elegido nuevo presidente de la Asamblea Nacional de Gobiernos Regionales (ANGR). Lima, 18 de Enero 2019, (ANDINA).- El gobernador regional de Cajamarca, Mes\u00edas Guevara Amasifu\u00e9n, result\u00f3 elegido nuevo presidente de la Asamblea Nacional de Gobiernos Regionales (ANGR). Mes\u00edas Guevara tom\u00f3 juramento del cargo en una ceremonia [&hellip;]<\/p>\n","protected":false},"author":1,"featured_media":41749,"comment_status":"open","ping_status":"open","sticky":false,"template":"","format":"standard","meta":{"rop_custom_images_group":[],"rop_custom_messages_group":[],"rop_publish_now":"initial","rop_publish_now_accounts":[],"rop_publish_now_history":[],"rop_publish_now_status":"pending","footnotes":""},"categories":[10],"tags":[4071,4072,978,3942],"class_list":["post-41747","post","type-post","status-publish","format-standard","has-post-thumbnail","hentry","category-actualidad-municipal","tag-angr","tag-asamblea-nacional-de-gobiernos-regionales","tag-cajamarca","tag-mesias-guevara"],"_links":{"self":[{"href":"https:\/\/elinformanteperu.com\/index.php\/wp-json\/wp\/v2\/posts\/41747","targetHints":{"allow":["GET"]}}],"collection":[{"href":"https:\/\/elinformanteperu.com\/index.php\/wp-json\/wp\/v2\/posts"}],"about":[{"href":"https:\/\/elinformanteperu.com\/index.php\/wp-json\/wp\/v2\/types\/post"}],"author":[{"embeddable":true,"href":"https:\/\/elinformanteperu.com\/index.php\/wp-json\/wp\/v2\/users\/1"}],"replies":[{"embeddable":true,"href":"https:\/\/elinformanteperu.com\/index.php\/wp-json\/wp\/v2\/comments?post=41747"}],"version-history":[{"count":1,"href":"https:\/\/elinformanteperu.com\/index.php\/wp-json\/wp\/v2\/posts\/41747\/revisions"}],"predecessor-version":[{"id":41750,"href":"https:\/\/elinformanteperu.com\/index.php\/wp-json\/wp\/v2\/posts\/41747\/revisions\/41750"}],"wp:featuredmedia":[{"embeddable":true,"href":"https:\/\/elinformanteperu.com\/index.php\/wp-json\/wp\/v2\/media\/41749"}],"wp:attachment":[{"href":"https:\/\/elinformanteperu.com\/index.php\/wp-json\/wp\/v2\/media?parent=41747"}],"wp:term":[{"taxonomy":"category","embeddable":true,"href":"https:\/\/elinformanteperu.com\/index.php\/wp-json\/wp\/v2\/categories?post=41747"},{"taxonomy":"post_tag","embeddable":true,"href":"https:\/\/elinformanteperu.com\/index.php\/wp-json\/wp\/v2\/tags?post=41747"}],"curies":[{"name":"wp","href":"https:\/\/api.w.org\/{rel}","templated":true}]}}