{"id":41738,"date":"2019-01-18T22:24:05","date_gmt":"2019-01-19T03:24:05","guid":{"rendered":"http:\/\/elinformanteperu.com\/?p=41738"},"modified":"2019-01-18T22:27:40","modified_gmt":"2019-01-19T03:27:40","slug":"sudamericano-sub-20-peru-gano-1-0-a-uruguay","status":"publish","type":"post","link":"https:\/\/elinformanteperu.com\/index.php\/2019\/01\/18\/sudamericano-sub-20-peru-gano-1-0-a-uruguay\/","title":{"rendered":"Sudamericano Sub-20: Per\u00fa gan\u00f3 1-0 a Uruguay"},"content":{"rendered":"<p><span style=\"color: #000000;\">Per\u00fa gan\u00f3 1-0 al vigente campe\u00f3n sudamericano de la categor\u00eda, con un gol anotado en el segundo tiempo por Fernando Pacheco de tiro penal, quedando en segundo lugar.<\/span><\/p>\n<p><span style=\"color: #000000;\"><strong>Talca, 18 de Enero 2019, (ANDINA).-<\/strong> Per\u00fa gan\u00f3 1-0 al vigente campe\u00f3n sudamericano de la categor\u00eda, con un gol anotado en el segundo tiempo por Fernando Pacheco de tiro penal, quedando segundo en el Grupo B, detr\u00e1s de Ecuador que gole\u00f3 a Paraguay en el primer encuentro de esta serie.<\/span><\/p>\n<p><span style=\"color: #000000;\">El encuentro, que fue jugado en la ciudad chilena de Talca, fue muy disputado y con claro predominio del cuadro uruguayo aunque la defensa peruana, liderada por el arquero Emile Franco, respondi\u00f3 muy bien a pesar de algunos errores.<\/span><\/p>\n<p><img fetchpriority=\"high\" decoding=\"async\" class=\"aligncenter size-full wp-image-41741\" src=\"http:\/\/elinformanteperu.com\/wp-content\/uploads\/2019\/01\/peru-uruguay-sub-201.jpg\" alt=\"\" width=\"1800\" height=\"1200\" srcset=\"https:\/\/elinformanteperu.com\/wp-content\/uploads\/2019\/01\/peru-uruguay-sub-201.jpg 1800w, https:\/\/elinformanteperu.com\/wp-content\/uploads\/2019\/01\/peru-uruguay-sub-201-300x200.jpg 300w, https:\/\/elinformanteperu.com\/wp-content\/uploads\/2019\/01\/peru-uruguay-sub-201-768x512.jpg 768w, https:\/\/elinformanteperu.com\/wp-content\/uploads\/2019\/01\/peru-uruguay-sub-201-1024x683.jpg 1024w, https:\/\/elinformanteperu.com\/wp-content\/uploads\/2019\/01\/peru-uruguay-sub-201-128x85.jpg 128w, https:\/\/elinformanteperu.com\/wp-content\/uploads\/2019\/01\/peru-uruguay-sub-201-32x21.jpg 32w\" sizes=\"(max-width: 1800px) 100vw, 1800px\" \/><span style=\"color: #000000;\">El tanto de Pacheco se produjo tras el cobro de una falta contra Marco L\u00f3pez, quien se hizo un autopase y fue derribado en el \u00e1rea. El tanto se produjo a los 52 minutos.<\/span><\/p>\n<p><span style=\"color: #000000;\">Tras el gol peruano, la selecci\u00f3n uruguaya se fue con todo al ataque, aunque de manera desordenada, siendo los \u00faltimos minutos de terror para la defensa peruana, pues a partir del minuto 91, el delantero \u00abcharr\u00faa\u00bb Darwin N\u00fa\u00f1ez se perdi\u00f3 hasta tres oportunidades seguidas para empatar el encuentro.<\/span><\/p>\n<p><strong><span style=\"color: #000000;\">Primer tiempo<\/span><\/strong><\/p>\n<p><img decoding=\"async\" class=\"aligncenter size-full wp-image-41742\" src=\"http:\/\/elinformanteperu.com\/wp-content\/uploads\/2019\/01\/peru-uruguay-sub-20-2.jpg\" alt=\"\" width=\"1800\" height=\"1200\" srcset=\"https:\/\/elinformanteperu.com\/wp-content\/uploads\/2019\/01\/peru-uruguay-sub-20-2.jpg 1800w, https:\/\/elinformanteperu.com\/wp-content\/uploads\/2019\/01\/peru-uruguay-sub-20-2-300x200.jpg 300w, https:\/\/elinformanteperu.com\/wp-content\/uploads\/2019\/01\/peru-uruguay-sub-20-2-768x512.jpg 768w, https:\/\/elinformanteperu.com\/wp-content\/uploads\/2019\/01\/peru-uruguay-sub-20-2-1024x683.jpg 1024w, https:\/\/elinformanteperu.com\/wp-content\/uploads\/2019\/01\/peru-uruguay-sub-20-2-128x85.jpg 128w, https:\/\/elinformanteperu.com\/wp-content\/uploads\/2019\/01\/peru-uruguay-sub-20-2-32x21.jpg 32w\" sizes=\"(max-width: 1800px) 100vw, 1800px\" \/><span style=\"color: #000000;\">Durante el primer tiempo, el cuadro de Daniel Ahmed fue superado en gran parte por los ataques \u00abcharr\u00faas\u00bb pero fueron bien defendidos por la zaga peruana y el arco a cargo de Emile Franco.<\/span><\/p>\n<p><span style=\"color: #000000;\">Por ejemplo, a los 33 minutos, el delantero uruguayo Emiliano G\u00f3mez fall\u00f3 su remate de cabeza, cuando estaba solo frente al arco.<\/span><\/p>\n<p><span style=\"color: #000000;\">Luego a los 39 minutos, la situaci\u00f3n m\u00e1s clara la protagoniz\u00f3 Gerald Tavara cuyo tiro libre choc\u00f3 en el travesa\u00f1o, tras un disparo que pas\u00f3 por fuera de la barrera uruguaya.<\/span><\/p>\n<p><span style=\"color: #000000;\">La selecci\u00f3n nacional se ubica en el segundo lugar del Grupo B, luego de la goleada 3 &#8211; 0 de Ecuador a Paraguay, que se jug\u00f3 previo al partido.<\/span><\/p>\n<p>https:\/\/youtu.be\/szAbDZDQ_Rs<\/p>\n","protected":false},"excerpt":{"rendered":"<p>Per\u00fa gan\u00f3 1-0 al vigente campe\u00f3n sudamericano de la categor\u00eda, con un gol anotado en el segundo tiempo por Fernando Pacheco de tiro penal, quedando en segundo lugar. Talca, 18 de Enero 2019, (ANDINA).- Per\u00fa gan\u00f3 1-0 al vigente campe\u00f3n sudamericano de la categor\u00eda, con un gol anotado en el segundo tiempo por Fernando Pacheco [&hellip;]<\/p>\n","protected":false},"author":1,"featured_media":41740,"comment_status":"open","ping_status":"open","sticky":false,"template":"","format":"standard","meta":{"rop_custom_images_group":[],"rop_custom_messages_group":[],"rop_publish_now":"initial","rop_publish_now_accounts":[],"rop_publish_now_history":[],"rop_publish_now_status":"pending","footnotes":""},"categories":[8],"tags":[4059],"class_list":["post-41738","post","type-post","status-publish","format-standard","has-post-thumbnail","hentry","category-disciplinas-deportivas","tag-sub-20-chile-2019"],"_links":{"self":[{"href":"https:\/\/elinformanteperu.com\/index.php\/wp-json\/wp\/v2\/posts\/41738","targetHints":{"allow":["GET"]}}],"collection":[{"href":"https:\/\/elinformanteperu.com\/index.php\/wp-json\/wp\/v2\/posts"}],"about":[{"href":"https:\/\/elinformanteperu.com\/index.php\/wp-json\/wp\/v2\/types\/post"}],"author":[{"embeddable":true,"href":"https:\/\/elinformanteperu.com\/index.php\/wp-json\/wp\/v2\/users\/1"}],"replies":[{"embeddable":true,"href":"https:\/\/elinformanteperu.com\/index.php\/wp-json\/wp\/v2\/comments?post=41738"}],"version-history":[{"count":4,"href":"https:\/\/elinformanteperu.com\/index.php\/wp-json\/wp\/v2\/posts\/41738\/revisions"}],"predecessor-version":[{"id":41746,"href":"https:\/\/elinformanteperu.com\/index.php\/wp-json\/wp\/v2\/posts\/41738\/revisions\/41746"}],"wp:featuredmedia":[{"embeddable":true,"href":"https:\/\/elinformanteperu.com\/index.php\/wp-json\/wp\/v2\/media\/41740"}],"wp:attachment":[{"href":"https:\/\/elinformanteperu.com\/index.php\/wp-json\/wp\/v2\/media?parent=41738"}],"wp:term":[{"taxonomy":"category","embeddable":true,"href":"https:\/\/elinformanteperu.com\/index.php\/wp-json\/wp\/v2\/categories?post=41738"},{"taxonomy":"post_tag","embeddable":true,"href":"https:\/\/elinformanteperu.com\/index.php\/wp-json\/wp\/v2\/tags?post=41738"}],"curies":[{"name":"wp","href":"https:\/\/api.w.org\/{rel}","templated":true}]}}