{"id":41569,"date":"2019-01-16T23:29:00","date_gmt":"2019-01-17T04:29:00","guid":{"rendered":"http:\/\/elinformanteperu.com\/?p=41569"},"modified":"2019-01-16T23:29:00","modified_gmt":"2019-01-17T04:29:00","slug":"rally-dakar-catari-al-attiyah-gana-la-novena-etapa-y-se-afianza","status":"publish","type":"post","link":"https:\/\/elinformanteperu.com\/index.php\/2019\/01\/16\/rally-dakar-catari-al-attiyah-gana-la-novena-etapa-y-se-afianza\/","title":{"rendered":"Rally Dakar: Catar\u00ed Al-Attiyah gana la novena etapa y se afianza"},"content":{"rendered":"<p><strong><span style=\"color: #000000;\">El catar\u00ed Nasser al-Attiyah (Toyota) gan\u00f3 la novena y ante\u00faltima etapa en autos del Rally Dakar-2019 y ampli\u00f3 su ventaja en la clasificaci\u00f3n general.<\/span><\/strong><\/p>\n<p><span style=\"color: #000000;\"><strong>Pisco, 16 de Enero 2019, (ANDINA).-<\/strong> El catar\u00ed Nasser al-Attiyah (Toyota) gan\u00f3 la novena y ante\u00faltima etapa en autos del Rally Dakar-2019 y ampli\u00f3 su ventaja en la clasificaci\u00f3n general sobre el espa\u00f1ol Nani Roma (Mini).<\/span><\/p>\n<p><span style=\"color: #000000;\">Al-Attiyah logr\u00f3 su tercer triunfo en el Dakar-2019 en un circuito de Pisco con un tiempo de 3horas 53 minutos 22 segundos, en un recorrido de 409,0 km (incluyendo una especial cronometrada de 313 km), mientras que Roma fue segundo, a 4:58.<\/span><\/p>\n<p><span style=\"color: #000000;\">El espa\u00f1ol sigue segundo en la clasificaci\u00f3n general pero el catar\u00ed ampli\u00f3 la diferencia a 51:27.<\/span><\/p>\n<p><span style=\"color: #000000;\">En cambio, la jornada result\u00f3 adversa para los otros competidores del catar\u00ed, los franceses St\u00e9phane Peterhansel (Mini) y Sebastien Loeb (Peugeot). Peterhansel se vio obligado a retirarse despu\u00e9s de un gran impacto que lesion\u00f3 a su copiloto, David Castera, mientras que Loeb perdi\u00f3 casi cuarenta minutos en las dunas.<\/span><\/p>\n<p><span style=\"color: #000000;\">La d\u00e9cima y \u00faltima etapa del Rally Dakar-2019 se correr\u00e1 el jueves entre Pisco y Lima (359 km, incluyendo 112 especiales).<\/span><\/p>\n<p><strong><span style=\"color: #000000;\">Clasificaci\u00f3n de la 9\u00aa etapa:<\/span><\/strong><\/p>\n<p><span style=\"color: #000000;\"><strong>1.<\/strong> Nasser Al-Attiyah\/Matthieu Baumel (QAT\/FRA\/Toyota) 3h53:22.<\/span><\/p>\n<p><span style=\"color: #000000;\"><strong>2.<\/strong> Nani Roma\/Alex Haro Bravo (ESP\/ESP\/Mini) a 4:58.<\/span><\/p>\n<p><span style=\"color: #000000;\"><strong>3.<\/strong> Giniel De Villiers\/Dirk Von Zitzewitz (RSA\/GER\/Toyota) 7:15.<\/span><\/p>\n<p><span style=\"color: #000000;\"><strong>4.<\/strong> Jakub Przygonski\/Tom Colsoul (POL\/BEL\/Mini) 14:01.<\/span><\/p>\n<p><span style=\"color: #000000;\"><strong>5.<\/strong> Benediktas Vanagas\/Sebastian Rozwadowski (LTU\/POL\/Toyota) 15:45.<\/span><\/p>\n<p><span style=\"color: #000000;\"><strong>6.<\/strong> Martin Prokop\/Jan Tomanek (CZE\/CZE\/Ford) 32:59.<\/span><\/p>\n<p><span style=\"color: #000000;\"><strong>7.<\/strong> Yazeed Al Rajhi\/Timo G\u00f6ttschalk (KSA\/GER\/Mini) 33:25.<\/span><\/p>\n<p><span style=\"color: #000000;\"><strong>8.<\/strong> Cyril Despres\/Jean Paul Cottret (FRA\/FRA\/Mini) 39:46.<\/span><\/p>\n<p><span style=\"color: #000000;\"><strong>9.<\/strong> Denis Krotov\/Dmytro Tsyro (RUS\/UKR\/Mini) 46:42.<\/span><\/p>\n<p><span style=\"color: #000000;\"><strong>10.<\/strong> Pierre Lachaume\/Jean Michel Polato (FRA\/FRA\/Peugeot) 52:00.<\/span><\/p>\n<p><strong><span style=\"color: #000000;\">Clasificaci\u00f3n general tras la 9\u00aa etapa:<\/span><\/strong><\/p>\n<p><span style=\"color: #000000;\"><strong>1.<\/strong> Nasser Al-Attiyah\/Matthieu Baumel (QAT\/FRA\/Toyota) 33h09:12.<\/span><\/p>\n<p><span style=\"color: #000000;\"><strong>2.<\/strong> Nani Roma\/Alex Haro Bravo (ESP\/ESP\/Mini) a 51:27.<\/span><\/p>\n<p><span style=\"color: #000000;\"><strong>3.<\/strong> S\u00e9bastien Loeb\/Daniel Elena (FRA\/MON\/Peugeot) 2h02:37.<\/span><\/p>\n<p><span style=\"color: #000000;\"><strong>4.<\/strong> Jakub Przygonski\/Tom Colsoul (POL\/BEL\/Mini) 2h33:51.<\/span><\/p>\n<p><span style=\"color: #000000;\"><strong>5.<\/strong> Cyril Despres\/Jean Paul Cottret (FRA\/FRA\/Mini) 2h55:13.<\/span><\/p>\n<p><span style=\"color: #000000;\"><strong>6.<\/strong> Martin Prokop\/Jan Tomanek (CZE\/CZE\/Ford) 3h29:06.<\/span><\/p>\n<p><span style=\"color: #000000;\"><strong>7.<\/strong> Yazeed Al Rajhi\/Timo G\u00f6ttschalk (KSA\/GER\/Mini) 4h28:22.<\/span><\/p>\n<p><span style=\"color: #000000;\"><strong>8.<\/strong> Giniel De Villiers\/Dirk Von Zitzewitz (RSA\/GER\/Toyota) 7h08:16. (penalidad de 4:00)<\/span><\/p>\n<p><span style=\"color: #000000;\"><strong>9.<\/strong> Ronan Chabot\/Gilles Pillot (FRA\/FRA\/Toyota) 8h11:46. (penalidad de 4:00)<\/span><\/p>\n<p><span style=\"color: #000000;\"><strong>10.<\/strong> Benediktas Vanagas\/Sebastian Rozwadowski (LTU\/POL\/Toyota) 8h15:26.<\/span><\/p>\n<p><img fetchpriority=\"high\" decoding=\"async\" class=\"aligncenter size-full wp-image-41189\" src=\"http:\/\/elinformanteperu.com\/wp-content\/uploads\/2019\/01\/Pachacutec-Dakar.jpg\" alt=\"\" width=\"1800\" height=\"1201\" srcset=\"https:\/\/elinformanteperu.com\/wp-content\/uploads\/2019\/01\/Pachacutec-Dakar.jpg 1800w, https:\/\/elinformanteperu.com\/wp-content\/uploads\/2019\/01\/Pachacutec-Dakar-300x200.jpg 300w, https:\/\/elinformanteperu.com\/wp-content\/uploads\/2019\/01\/Pachacutec-Dakar-768x512.jpg 768w, https:\/\/elinformanteperu.com\/wp-content\/uploads\/2019\/01\/Pachacutec-Dakar-1024x683.jpg 1024w, https:\/\/elinformanteperu.com\/wp-content\/uploads\/2019\/01\/Pachacutec-Dakar-128x85.jpg 128w, https:\/\/elinformanteperu.com\/wp-content\/uploads\/2019\/01\/Pachacutec-Dakar-32x21.jpg 32w\" sizes=\"(max-width: 1800px) 100vw, 1800px\" \/><\/p>\n","protected":false},"excerpt":{"rendered":"<p>El catar\u00ed Nasser al-Attiyah (Toyota) gan\u00f3 la novena y ante\u00faltima etapa en autos del Rally Dakar-2019 y ampli\u00f3 su ventaja en la clasificaci\u00f3n general. Pisco, 16 de Enero 2019, (ANDINA).- El catar\u00ed Nasser al-Attiyah (Toyota) gan\u00f3 la novena y ante\u00faltima etapa en autos del Rally Dakar-2019 y ampli\u00f3 su ventaja en la clasificaci\u00f3n general sobre [&hellip;]<\/p>\n","protected":false},"author":1,"featured_media":41571,"comment_status":"open","ping_status":"open","sticky":false,"template":"","format":"standard","meta":{"rop_custom_images_group":[],"rop_custom_messages_group":[],"rop_publish_now":"initial","rop_publish_now_accounts":[],"rop_publish_now_history":[],"rop_publish_now_status":"pending","footnotes":""},"categories":[8],"tags":[3888,3146,1735],"class_list":["post-41569","post","type-post","status-publish","format-standard","has-post-thumbnail","hentry","category-disciplinas-deportivas","tag-dakar","tag-dakar-2019","tag-dakar-peru-2018"],"_links":{"self":[{"href":"https:\/\/elinformanteperu.com\/index.php\/wp-json\/wp\/v2\/posts\/41569","targetHints":{"allow":["GET"]}}],"collection":[{"href":"https:\/\/elinformanteperu.com\/index.php\/wp-json\/wp\/v2\/posts"}],"about":[{"href":"https:\/\/elinformanteperu.com\/index.php\/wp-json\/wp\/v2\/types\/post"}],"author":[{"embeddable":true,"href":"https:\/\/elinformanteperu.com\/index.php\/wp-json\/wp\/v2\/users\/1"}],"replies":[{"embeddable":true,"href":"https:\/\/elinformanteperu.com\/index.php\/wp-json\/wp\/v2\/comments?post=41569"}],"version-history":[{"count":1,"href":"https:\/\/elinformanteperu.com\/index.php\/wp-json\/wp\/v2\/posts\/41569\/revisions"}],"predecessor-version":[{"id":41572,"href":"https:\/\/elinformanteperu.com\/index.php\/wp-json\/wp\/v2\/posts\/41569\/revisions\/41572"}],"wp:featuredmedia":[{"embeddable":true,"href":"https:\/\/elinformanteperu.com\/index.php\/wp-json\/wp\/v2\/media\/41571"}],"wp:attachment":[{"href":"https:\/\/elinformanteperu.com\/index.php\/wp-json\/wp\/v2\/media?parent=41569"}],"wp:term":[{"taxonomy":"category","embeddable":true,"href":"https:\/\/elinformanteperu.com\/index.php\/wp-json\/wp\/v2\/categories?post=41569"},{"taxonomy":"post_tag","embeddable":true,"href":"https:\/\/elinformanteperu.com\/index.php\/wp-json\/wp\/v2\/tags?post=41569"}],"curies":[{"name":"wp","href":"https:\/\/api.w.org\/{rel}","templated":true}]}}