{"id":41561,"date":"2019-01-16T23:19:41","date_gmt":"2019-01-17T04:19:41","guid":{"rendered":"http:\/\/elinformanteperu.com\/?p=41561"},"modified":"2019-01-16T23:19:41","modified_gmt":"2019-01-17T04:19:41","slug":"menotti-y-su-politica-de-recuperar-la-genetica-del-futbol-argentino","status":"publish","type":"post","link":"https:\/\/elinformanteperu.com\/index.php\/2019\/01\/16\/menotti-y-su-politica-de-recuperar-la-genetica-del-futbol-argentino\/","title":{"rendered":"Menotti y su pol\u00edtica de recuperar la \u00abgen\u00e9tica del f\u00fatbol argentino\u00bb"},"content":{"rendered":"<p><strong><span style=\"color: #000000;\">El flamante director de Selecciones Argentinas, C\u00e9sar Luis Menotti, expuso su plan para este cargo, con el que quiere ayudar a \u00abrecuperar la esencia y la gen\u00e9tica del f\u00fatbol argentino\u00bb.<\/span><\/strong><\/p>\n<p><span style=\"color: #000000;\"><strong>Buenos Aires, 16 de Enero 2019, (ANDINA).-<\/strong> El flamante director de Selecciones Argentinas, C\u00e9sar Luis Menotti, expuso su plan para este cargo, con el que quiere ayudar a \u00abrecuperar la esencia y la gen\u00e9tica del f\u00fatbol argentino\u00bb, para lo que se reunir\u00e1 el 26 de enero con los entrenadores de la &#8216;Albiceleste&#8217;.<\/span><\/p>\n<p><span style=\"color: #000000;\">\u00abMi compromiso parte de la lealtad a una conducci\u00f3n y un objetivo: recuperar la esencia y la gen\u00e9tica del f\u00fatbol argentino\u00bb, escribe Menotti en su columna semanal en el diario deportivo catal\u00e1n Sport.<\/span><\/p>\n<p><span style=\"color: #000000;\">El &#8216;Flaco&#8217; Menotti, que se declara \u00abilusionado\u00bb con su nueva funci\u00f3n, considera que \u00abhay una gen\u00e9tica que nos distingue (&#8230;) y que creo firmemente que no se ha perdido, aunque debemos ayudarla a desarrollarse profesionalmente\u00bb.<\/span><\/p>\n<p><span style=\"color: #000000;\">\u00abLa gen\u00e9tica del f\u00fatbol argentino est\u00e1 basada en la maravillosa relaci\u00f3n del jugador argentino con la pelota. Si tuviera que ejemplarizarlo dir\u00eda que el argentino tiene la t\u00e9cnica del jugador brasile\u00f1o y el car\u00e1cter del uruguayo. Por eso es una raza especial de futbolistas\u00bb, afirm\u00f3.<\/span><\/p>\n<p><span style=\"color: #000000;\">Para alcanzar su objetivo, el nuevo director de Selecciones Argentinas pide \u00abno seguir poniendo el \u00e9xito deportivo por delante del trabajo y los tiempos necesarios para conseguirlo\u00bb.<\/span><\/p>\n<p><span style=\"color: #000000;\">El veterano exentrenador argentino, de 80 a\u00f1os, asegura que quiere escuchar y acompa\u00f1ar a los entrenadores de las diferentes categor\u00edas de la &#8216;Albiceleste&#8217;.<\/span><\/p>\n<p><span style=\"color: #000000;\">\u00abNo acept\u00e9 este desaf\u00edo para imponerles nada. Lo primero que deseo es una reuni\u00f3n con ellos con la presencia del presidente (de la AFA, Claudio Tapia) el 26 de enero\u00bb, explic\u00f3 Menotti.<\/span><\/p>\n<p><span style=\"color: #000000;\">\u00abLes daremos todas las posibilidades para que desarrollen su idea\u00bb, asegur\u00f3, insistiendo en dar libertad para que cada uno decida c\u00f3mo quiere jugar.<\/span><\/p>\n<p><span style=\"color: #000000;\">\u00abDebemos generar el debate para modificar el presente y construir un futuro\u00bb, escribi\u00f3 el exseleccionador argentino, designado el lunes para su nuevo cargo, que empezar\u00e1 a desempe\u00f1ar efectivamente a partir del primero de febrero.<\/span><\/p>\n<p><img fetchpriority=\"high\" decoding=\"async\" class=\"aligncenter size-full wp-image-7518\" src=\"http:\/\/elinformanteperu.com\/wp-content\/uploads\/2017\/03\/bolivia-argentina.jpg\" alt=\"\" width=\"1800\" height=\"1162\" srcset=\"https:\/\/elinformanteperu.com\/wp-content\/uploads\/2017\/03\/bolivia-argentina.jpg 1800w, https:\/\/elinformanteperu.com\/wp-content\/uploads\/2017\/03\/bolivia-argentina-300x194.jpg 300w, https:\/\/elinformanteperu.com\/wp-content\/uploads\/2017\/03\/bolivia-argentina-768x496.jpg 768w, https:\/\/elinformanteperu.com\/wp-content\/uploads\/2017\/03\/bolivia-argentina-1024x661.jpg 1024w, https:\/\/elinformanteperu.com\/wp-content\/uploads\/2017\/03\/bolivia-argentina-128x83.jpg 128w, https:\/\/elinformanteperu.com\/wp-content\/uploads\/2017\/03\/bolivia-argentina-32x21.jpg 32w\" sizes=\"(max-width: 1800px) 100vw, 1800px\" \/><\/p>\n","protected":false},"excerpt":{"rendered":"<p>El flamante director de Selecciones Argentinas, C\u00e9sar Luis Menotti, expuso su plan para este cargo, con el que quiere ayudar a \u00abrecuperar la esencia y la gen\u00e9tica del f\u00fatbol argentino\u00bb. Buenos Aires, 16 de Enero 2019, (ANDINA).- El flamante director de Selecciones Argentinas, C\u00e9sar Luis Menotti, expuso su plan para este cargo, con el que [&hellip;]<\/p>\n","protected":false},"author":1,"featured_media":41563,"comment_status":"open","ping_status":"open","sticky":false,"template":"","format":"standard","meta":{"rop_custom_images_group":[],"rop_custom_messages_group":[],"rop_publish_now":"initial","rop_publish_now_accounts":[],"rop_publish_now_history":[],"rop_publish_now_status":"pending","footnotes":""},"categories":[8],"tags":[172,2135],"class_list":["post-41561","post","type-post","status-publish","format-standard","has-post-thumbnail","hentry","category-disciplinas-deportivas","tag-argentina","tag-cesar-luis-menotti"],"_links":{"self":[{"href":"https:\/\/elinformanteperu.com\/index.php\/wp-json\/wp\/v2\/posts\/41561","targetHints":{"allow":["GET"]}}],"collection":[{"href":"https:\/\/elinformanteperu.com\/index.php\/wp-json\/wp\/v2\/posts"}],"about":[{"href":"https:\/\/elinformanteperu.com\/index.php\/wp-json\/wp\/v2\/types\/post"}],"author":[{"embeddable":true,"href":"https:\/\/elinformanteperu.com\/index.php\/wp-json\/wp\/v2\/users\/1"}],"replies":[{"embeddable":true,"href":"https:\/\/elinformanteperu.com\/index.php\/wp-json\/wp\/v2\/comments?post=41561"}],"version-history":[{"count":1,"href":"https:\/\/elinformanteperu.com\/index.php\/wp-json\/wp\/v2\/posts\/41561\/revisions"}],"predecessor-version":[{"id":41564,"href":"https:\/\/elinformanteperu.com\/index.php\/wp-json\/wp\/v2\/posts\/41561\/revisions\/41564"}],"wp:featuredmedia":[{"embeddable":true,"href":"https:\/\/elinformanteperu.com\/index.php\/wp-json\/wp\/v2\/media\/41563"}],"wp:attachment":[{"href":"https:\/\/elinformanteperu.com\/index.php\/wp-json\/wp\/v2\/media?parent=41561"}],"wp:term":[{"taxonomy":"category","embeddable":true,"href":"https:\/\/elinformanteperu.com\/index.php\/wp-json\/wp\/v2\/categories?post=41561"},{"taxonomy":"post_tag","embeddable":true,"href":"https:\/\/elinformanteperu.com\/index.php\/wp-json\/wp\/v2\/tags?post=41561"}],"curies":[{"name":"wp","href":"https:\/\/api.w.org\/{rel}","templated":true}]}}