{"id":41556,"date":"2019-01-16T23:15:52","date_gmt":"2019-01-17T04:15:52","guid":{"rendered":"http:\/\/elinformanteperu.com\/?p=41556"},"modified":"2019-01-16T23:15:52","modified_gmt":"2019-01-17T04:15:52","slug":"academia-ipd-2019-la-alternativa-gratuita-de-los-ninos-para-hacer-deporte","status":"publish","type":"post","link":"https:\/\/elinformanteperu.com\/index.php\/2019\/01\/16\/academia-ipd-2019-la-alternativa-gratuita-de-los-ninos-para-hacer-deporte\/","title":{"rendered":"\u00abAcademia IPD 2019\u00bb, la alternativa gratuita de los ni\u00f1os para hacer deporte"},"content":{"rendered":"<p><strong><span style=\"color: #000000;\">El IPD inici\u00f3 el programa gratuito de verano denominado \u00abLa Academia IPD 2019\u00bb en el que se le brinda ense\u00f1anza deportiva a a ni\u00f1os entre 7 y 17 a\u00f1os de todo el pa\u00eds.<\/span><\/strong><\/p>\n<p><span style=\"color: #000000;\"><strong>Lima, 16 de Enero 2019, (ANDINA).-<\/strong> Con gran acogida el Instituto Peruano del Deporte (IPD) inici\u00f3 el programa gratuito de verano denominado \u00abLa Academia IPD 2019\u00bb en el que se le brinda ense\u00f1anza deportiva a a ni\u00f1os entre 7 y 17 a\u00f1os de todo el pa\u00eds.<\/span><\/p>\n<p><span style=\"color: #000000;\">\u201cLa Academia IPD 2019\u201d brinda los servicios de iniciaci\u00f3n deportiva a trav\u00e9s de un modelo articulado y monitoreado. Se desarrollan las capacidades, habilidades y destrezas desde la base para la detecci\u00f3n y captaci\u00f3n de talentos deportivos, adem\u00e1s de su formaci\u00f3n con miras a participar y competir en torneos oficiales.<\/span><\/p>\n<p><span style=\"color: #000000;\">Entre los complejos deportivos del IPD en Lima donde se realiza este programa destacan el Estadio Nacional, Puente del Ej\u00e9rcito, Matute, Ventanilla, Santa Anita, Bre\u00f1a, Callao, San Juan de Miraflores, Canto Grande, Carabayllo, Chorrillos, Los Olivos, Real Felipe, Bellavista, La Punta, entre otros.<\/span><\/p>\n<p><span style=\"color: #000000;\">\u201cEstamos empezando el verano con muchas ganas de trabajar en nataci\u00f3n con los ni\u00f1os en Matute, con mucho entusiasmo. Hemos tenido una gran acogida como todos los a\u00f1os y realmente los padres de familia nos apoyan a mil. Las clases de los profesores son din\u00e1micas y divertidas, pues el objetivo es ver felices a los ni\u00f1os\u201d, se\u00f1al\u00f3 la profesora de nataci\u00f3n Hilda Izusqui, quien imparte las t\u00e9cnicas de nado a los entusiastas menores.<\/span><\/p>\n<p><span style=\"color: #000000;\">Por su parte, el profesional del f\u00fatbol Carlos Cata\u00f1eda manifest\u00f3 que durante las clases de veranos introducir\u00e1n el ABC del f\u00fatbol apuntando a la parte recreativa.<\/span><\/p>\n<p><span style=\"color: #000000;\">\u00abEn la Academia, los ni\u00f1os no vienen a renegar, ni a pelear, vienen a pasar sano esparcimiento de sus vacaciones y los padres deben ayudar mucho\u201d, agreg\u00f3 Casta\u00f1eda.<\/span><\/p>\n<p><span style=\"color: #000000;\">\u201cLa Academia IPD 2019\u201d es un programa que lo desarrolla la Direcci\u00f3n Nacional de Recreaci\u00f3n y Promoci\u00f3n del Deporte del IPD, que tiene como director al exfutbolista Jean Ferrari.<\/span><\/p>\n<p><img fetchpriority=\"high\" decoding=\"async\" class=\"aligncenter size-full wp-image-41559\" src=\"http:\/\/elinformanteperu.com\/wp-content\/uploads\/2019\/01\/Academia-IPD-2019-1.jpg\" alt=\"\" width=\"1800\" height=\"1350\" srcset=\"https:\/\/elinformanteperu.com\/wp-content\/uploads\/2019\/01\/Academia-IPD-2019-1.jpg 1800w, https:\/\/elinformanteperu.com\/wp-content\/uploads\/2019\/01\/Academia-IPD-2019-1-300x225.jpg 300w, https:\/\/elinformanteperu.com\/wp-content\/uploads\/2019\/01\/Academia-IPD-2019-1-768x576.jpg 768w, https:\/\/elinformanteperu.com\/wp-content\/uploads\/2019\/01\/Academia-IPD-2019-1-1024x768.jpg 1024w, https:\/\/elinformanteperu.com\/wp-content\/uploads\/2019\/01\/Academia-IPD-2019-1-128x96.jpg 128w, https:\/\/elinformanteperu.com\/wp-content\/uploads\/2019\/01\/Academia-IPD-2019-1-32x24.jpg 32w\" sizes=\"(max-width: 1800px) 100vw, 1800px\" \/><\/p>\n","protected":false},"excerpt":{"rendered":"<p>El IPD inici\u00f3 el programa gratuito de verano denominado \u00abLa Academia IPD 2019\u00bb en el que se le brinda ense\u00f1anza deportiva a a ni\u00f1os entre 7 y 17 a\u00f1os de todo el pa\u00eds. Lima, 16 de Enero 2019, (ANDINA).- Con gran acogida el Instituto Peruano del Deporte (IPD) inici\u00f3 el programa gratuito de verano denominado [&hellip;]<\/p>\n","protected":false},"author":1,"featured_media":41558,"comment_status":"open","ping_status":"open","sticky":false,"template":"","format":"standard","meta":{"rop_custom_images_group":[],"rop_custom_messages_group":[],"rop_publish_now":"initial","rop_publish_now_accounts":[],"rop_publish_now_history":[],"rop_publish_now_status":"pending","footnotes":""},"categories":[8],"tags":[4061,417],"class_list":["post-41556","post","type-post","status-publish","format-standard","has-post-thumbnail","hentry","category-disciplinas-deportivas","tag-academia-ipd-2019","tag-ipd"],"_links":{"self":[{"href":"https:\/\/elinformanteperu.com\/index.php\/wp-json\/wp\/v2\/posts\/41556","targetHints":{"allow":["GET"]}}],"collection":[{"href":"https:\/\/elinformanteperu.com\/index.php\/wp-json\/wp\/v2\/posts"}],"about":[{"href":"https:\/\/elinformanteperu.com\/index.php\/wp-json\/wp\/v2\/types\/post"}],"author":[{"embeddable":true,"href":"https:\/\/elinformanteperu.com\/index.php\/wp-json\/wp\/v2\/users\/1"}],"replies":[{"embeddable":true,"href":"https:\/\/elinformanteperu.com\/index.php\/wp-json\/wp\/v2\/comments?post=41556"}],"version-history":[{"count":1,"href":"https:\/\/elinformanteperu.com\/index.php\/wp-json\/wp\/v2\/posts\/41556\/revisions"}],"predecessor-version":[{"id":41560,"href":"https:\/\/elinformanteperu.com\/index.php\/wp-json\/wp\/v2\/posts\/41556\/revisions\/41560"}],"wp:featuredmedia":[{"embeddable":true,"href":"https:\/\/elinformanteperu.com\/index.php\/wp-json\/wp\/v2\/media\/41558"}],"wp:attachment":[{"href":"https:\/\/elinformanteperu.com\/index.php\/wp-json\/wp\/v2\/media?parent=41556"}],"wp:term":[{"taxonomy":"category","embeddable":true,"href":"https:\/\/elinformanteperu.com\/index.php\/wp-json\/wp\/v2\/categories?post=41556"},{"taxonomy":"post_tag","embeddable":true,"href":"https:\/\/elinformanteperu.com\/index.php\/wp-json\/wp\/v2\/tags?post=41556"}],"curies":[{"name":"wp","href":"https:\/\/api.w.org\/{rel}","templated":true}]}}