{"id":40758,"date":"2019-01-06T19:38:53","date_gmt":"2019-01-07T00:38:53","guid":{"rendered":"http:\/\/elinformanteperu.com\/?p=40758"},"modified":"2019-01-06T19:38:53","modified_gmt":"2019-01-07T00:38:53","slug":"defensoria-del-pueblo-pide-ver-a-la-brevedad-reforma-del-ministerio-publico","status":"publish","type":"post","link":"https:\/\/elinformanteperu.com\/index.php\/2019\/01\/06\/defensoria-del-pueblo-pide-ver-a-la-brevedad-reforma-del-ministerio-publico\/","title":{"rendered":"Defensor\u00eda del Pueblo pide ver a la brevedad reforma del Ministerio P\u00fablico"},"content":{"rendered":"<p><strong><span style=\"color: #000000;\">La Defensor\u00eda del Pueblo solicit\u00f3 ver a la brevedad posible las reformas a la Ley Org\u00e1nica del Ministerio P\u00fablico (MP), con la finalidad de no repetir el caso de Pedro Ch\u00e1varry.<\/span><\/strong><\/p>\n<p><span style=\"color: #000000;\"><strong>Lima, 06 de Enero 2019, (ANDINA).-<\/strong> La Defensor\u00eda del Pueblo solicit\u00f3 ver a la brevedad posible las reformas a la Ley Org\u00e1nica del Ministerio P\u00fablico (MP), con la finalidad de no repetir hechos donde estuvo involucrado el actual fiscal de la Naci\u00f3n, Pedro Ch\u00e1varry.<\/span><\/p>\n<p><span style=\"color: #000000;\">En tal sentido, a trav\u00e9s de un pronunciamiento, considera que una soluci\u00f3n transitoria viene dada por la regulaci\u00f3n de las actuales atribuciones del fiscal de la Naci\u00f3n, \u00aba fin de que se eviten actos arbitrarios o interferencias con las labores de investigaci\u00f3n fiscal\u00bb.<\/span><\/p>\n<p><span style=\"color: #000000;\">\u00abEn la misma l\u00ednea, se podr\u00eda fijar de mejor forma las competencias de la Junta de Fiscales Supremos, permitiendo que se integren a ella los fiscales supremos adjuntos, siempre que cumplan ciertos requisitos de idoneidad para el cargo. (&#8230;) y que se dote a esta instancia de competencia para suspender de sus funciones al fiscal de la Naci\u00f3n cuando este incurra en actos manifiestamente inconducentes o arbitrarios\u00bb, se\u00f1ala.<\/span><\/p>\n<p><span style=\"color: #000000;\">\u00abEstas reformas, dada la urgencia deben ser emprendidas por el Congreso de la Rep\u00fablica a la brevedad posible\u00bb, a\u00f1ade.<\/span><\/p>\n<p><span style=\"color: #000000;\">Agrega que el Ministerio P\u00fablico pese a su importancia para la preservaci\u00f3n del Estado de Derecho y la democracia en el pa\u00eds, su organizaci\u00f3n interna y atribuciones se encuentran \u00abinsuficientemente reguladas\u00bb debido, principalmente, a que su Ley Org\u00e1nica fue promulgada en 1981.<\/span><\/p>\n<p><span style=\"color: #000000;\">\u00abComo puede comprenderse, el cambio de Constituci\u00f3n y de otras normas importantes -as\u00ed como el desarrollo de nuevos preceptos constitucionales introducidos por la jurisprudencia del Tribunal Constitucional- han provocado que esta Ley se encuentre actualmente desfasada\u00bb, sostiene.<\/span><\/p>\n<p><span style=\"color: #000000;\">En tal sentido, la Ley Org\u00e1nica del Ministerio P\u00fablico debe ser \u00abcorrectamente interpretada a fin de ser compatible con nuestro modelo de Estado Constitucional de Derecho\u00bb.<\/span><\/p>\n<p><strong><span style=\"color: #000000;\">Remoci\u00f3n de fiscales<\/span><\/strong><\/p>\n<p><span style=\"color: #000000;\">Sobre la decisi\u00f3n del Fiscal de la Naci\u00f3n, Pedro Ch\u00e1varry, de retirar del Equipo Especial a los fiscales Rafael Vela Barba y Jos\u00e9 Domingo P\u00e9rez G\u00f3mez, la Defensor\u00eda sostiene que este hecho \u00abconstituye un acto carente de debida motivaci\u00f3n\u00bb.<\/span><\/p>\n<p><span style=\"color: #000000;\">\u00abComo ya lo expres\u00f3 la Defensor\u00eda del Pueblo, los fiscales est\u00e1n protegidos por la garant\u00eda de inamovilidad funcional, pues les es extensivo lo establecido en el art\u00edculo 146\u00ba de la Constituci\u00f3n en relaci\u00f3n a los jueces. El principio de inamovilidad garantiza su independencia y la posibilidad de que cumplan cabalmente con el fin constitucional de perseguir el delito y garantizar el debido proceso a los investigados\u00bb, agrega.<\/span><\/p>\n<p><span style=\"color: #000000;\">Por esta raz\u00f3n, el cambio intempestivo e inmotivado de fiscales que vienen desarrollando una investigaci\u00f3n emblem\u00e1tica, compleja y de trascendencia nacional, \u00abperjudica la acci\u00f3n del Ministerio P\u00fablico, pues detiene o demora las investigaciones en curso y reduce las posibilidades de defensa de los procesados\u00bb.<\/span><\/p>\n<p><span style=\"color: #000000;\">\u00abLa resoluci\u00f3n emitida por el Fiscal de la Naci\u00f3n no precisa de forma objetiva la forma como los fiscales retirados -y luego repuestos en sus cargos- habr\u00edan vulnerado sus deberes funcionales. (&#8230;) Una de las razones para concluir la designaci\u00f3n del fiscal P\u00e9rez G\u00f3mez fue el haber cuestionado al Fiscal de la Naci\u00f3n ante medios televisivos, hecho que adujo, afect\u00f3 la autonom\u00eda institucional del Ministerio P\u00fablico\u00bb, refiere.<\/span><\/p>\n<p><span style=\"color: #000000;\">La Defensor\u00eda del Pueblo considera que la Resoluci\u00f3n 4853-2018-MP-FN (que remueve de sus cargos a los fiscales Vela y P\u00e9rez) carece de sustento constitucional y su ausencia de motivaci\u00f3n la convierte en arbitraria. Por ende, hace pasible de una acusaci\u00f3n constitucional al fiscal de la Naci\u00f3n por infracci\u00f3n a la Constituci\u00f3n.<\/span><\/p>\n","protected":false},"excerpt":{"rendered":"<p>La Defensor\u00eda del Pueblo solicit\u00f3 ver a la brevedad posible las reformas a la Ley Org\u00e1nica del Ministerio P\u00fablico (MP), con la finalidad de no repetir el caso de Pedro Ch\u00e1varry. Lima, 06 de Enero 2019, (ANDINA).- La Defensor\u00eda del Pueblo solicit\u00f3 ver a la brevedad posible las reformas a la Ley Org\u00e1nica del Ministerio [&hellip;]<\/p>\n","protected":false},"author":1,"featured_media":7592,"comment_status":"open","ping_status":"open","sticky":false,"template":"","format":"standard","meta":{"rop_custom_images_group":[],"rop_custom_messages_group":[],"rop_publish_now":"initial","rop_publish_now_accounts":[],"rop_publish_now_history":[],"rop_publish_now_status":"pending","footnotes":""},"categories":[5],"tags":[428,370,3209],"class_list":["post-40758","post","type-post","status-publish","format-standard","has-post-thumbnail","hentry","category-actualidad-informativa","tag-defensoria-del-pueblo","tag-ministerio-publico","tag-pedro-chavarry"],"_links":{"self":[{"href":"https:\/\/elinformanteperu.com\/index.php\/wp-json\/wp\/v2\/posts\/40758","targetHints":{"allow":["GET"]}}],"collection":[{"href":"https:\/\/elinformanteperu.com\/index.php\/wp-json\/wp\/v2\/posts"}],"about":[{"href":"https:\/\/elinformanteperu.com\/index.php\/wp-json\/wp\/v2\/types\/post"}],"author":[{"embeddable":true,"href":"https:\/\/elinformanteperu.com\/index.php\/wp-json\/wp\/v2\/users\/1"}],"replies":[{"embeddable":true,"href":"https:\/\/elinformanteperu.com\/index.php\/wp-json\/wp\/v2\/comments?post=40758"}],"version-history":[{"count":1,"href":"https:\/\/elinformanteperu.com\/index.php\/wp-json\/wp\/v2\/posts\/40758\/revisions"}],"predecessor-version":[{"id":40760,"href":"https:\/\/elinformanteperu.com\/index.php\/wp-json\/wp\/v2\/posts\/40758\/revisions\/40760"}],"wp:featuredmedia":[{"embeddable":true,"href":"https:\/\/elinformanteperu.com\/index.php\/wp-json\/wp\/v2\/media\/7592"}],"wp:attachment":[{"href":"https:\/\/elinformanteperu.com\/index.php\/wp-json\/wp\/v2\/media?parent=40758"}],"wp:term":[{"taxonomy":"category","embeddable":true,"href":"https:\/\/elinformanteperu.com\/index.php\/wp-json\/wp\/v2\/categories?post=40758"},{"taxonomy":"post_tag","embeddable":true,"href":"https:\/\/elinformanteperu.com\/index.php\/wp-json\/wp\/v2\/tags?post=40758"}],"curies":[{"name":"wp","href":"https:\/\/api.w.org\/{rel}","templated":true}]}}