{"id":40753,"date":"2019-01-05T11:27:52","date_gmt":"2019-01-05T16:27:52","guid":{"rendered":"http:\/\/elinformanteperu.com\/?p=40753"},"modified":"2019-01-05T11:27:52","modified_gmt":"2019-01-05T16:27:52","slug":"fiscal-perez-encontro-informe-sobre-keiko-fujimori-en-oficina-de-asesor-de-chavarry","status":"publish","type":"post","link":"https:\/\/elinformanteperu.com\/index.php\/2019\/01\/05\/fiscal-perez-encontro-informe-sobre-keiko-fujimori-en-oficina-de-asesor-de-chavarry\/","title":{"rendered":"Fiscal P\u00e9rez encontr\u00f3 informe sobre Keiko Fujimori en oficina de asesor de Ch\u00e1varry"},"content":{"rendered":"<p><strong><span style=\"color: #000000;\">El fiscal Jos\u00e9 Domingo P\u00e9rez se\u00f1al\u00f3 que encontr\u00f3 informaci\u00f3n relevante durante el allanamiento a las oficinas de Juan Manuel Duarte Castro.<\/span><\/strong><\/p>\n<p><span style=\"color: #000000;\"><strong>Lima, 05 de Enero 2019, (ANDINA).<\/strong>-El fiscal Jos\u00e9 Domingo P\u00e9rez se\u00f1al\u00f3 que encontr\u00f3 informaci\u00f3n relevante durante el allanamiento a las oficinas de Juan Manuel Duarte Castro, asesor principal de Pedro Ch\u00e1varry, titular del Ministerio P\u00fablico.<\/span><\/p>\n<p><span style=\"color: #000000;\">\u00abEntre los aspectos m\u00e1s relevantes que puedo comentar es que se ha determinado un informe t\u00e9cnico jur\u00eddico referido al caso 55-2017 que es el caso precisamente de Keiko Fujimori por el delito de Lavado de Activos en el cual se hace referencia al acuerdo de colaboraci\u00f3n eficaz (&#8230;)\u00bb, declar\u00f3 a la prensa al terminar la actividad de descerraje a estos despachos en la sede central del Ministerio P\u00fablico.<\/span><\/p>\n<p><span style=\"color: #000000;\">Con autorizaci\u00f3n del juez Richard Concepci\u00f3n Carhuancho, desde anoche fueron allanadas dos oficinas de Juan Manuel Duarte Castro, asesor del fiscal de la Naci\u00f3n, Pedro Ch\u00e1varry.<\/span><\/p>\n<p><span style=\"color: #000000;\">El fiscal Jos\u00e9 Domingo P\u00e9rez y miembros de la Polic\u00eda Nacional participaron en el allanamiento de los inmuebles ubicados en la sede principal del Ministerio P\u00fablico, en el Cercado de Lima.<\/span><\/p>\n<p><span style=\"color: #000000;\">Jos\u00e9 Domingo P\u00e9rez detall\u00f3 que durante la diligencia tambi\u00e9n se encontraron otros documentos que son pertinentes para el desarrollo de la investigaci\u00f3n.<\/span><\/p>\n<p><span style=\"color: #000000;\">Adem\u00e1s dijo que no se pudo realizar la diligencia en todos los ambientes de las oficinas de Juan Manuel Duarte, por lo que solicitar\u00e1 una nueva orden judicial para proceder a completar el allanamiento.<\/span><\/p>\n<p><span style=\"color: #000000;\">\u201cSe ha procedido a lacrar el ingreso a dos puertas de las oficinas de Juan Manuel Duarte Castro, una de las cuales tiene una tarjeta de presentaci\u00f3n del asesor (&#8230;)\u201d, indic\u00f3.<\/span><\/p>\n<p><span style=\"color: #000000;\">Refiri\u00f3 que se ha dispuesto la inmovilizaci\u00f3n y vigilancia de esos inmuebles por parte de la Polic\u00eda.<\/span><\/p>\n<p><span style=\"color: #000000;\">\u00abEl personal policial va a permanecer en el lugar hasta que retornemos con la autorizaci\u00f3n judicial correspondiente para poder ingresar a estas dos oficinas\u201d, acot\u00f3.<\/span><\/p>\n","protected":false},"excerpt":{"rendered":"<p>El fiscal Jos\u00e9 Domingo P\u00e9rez se\u00f1al\u00f3 que encontr\u00f3 informaci\u00f3n relevante durante el allanamiento a las oficinas de Juan Manuel Duarte Castro. Lima, 05 de Enero 2019, (ANDINA).-El fiscal Jos\u00e9 Domingo P\u00e9rez se\u00f1al\u00f3 que encontr\u00f3 informaci\u00f3n relevante durante el allanamiento a las oficinas de Juan Manuel Duarte Castro, asesor principal de Pedro Ch\u00e1varry, titular del Ministerio [&hellip;]<\/p>\n","protected":false},"author":1,"featured_media":40755,"comment_status":"open","ping_status":"open","sticky":false,"template":"","format":"standard","meta":{"rop_custom_images_group":[],"rop_custom_messages_group":[],"rop_publish_now":"initial","rop_publish_now_accounts":[],"rop_publish_now_history":[],"rop_publish_now_status":"pending","footnotes":""},"categories":[5],"tags":[430,2568,4005,370],"class_list":["post-40753","post","type-post","status-publish","format-standard","has-post-thumbnail","hentry","category-actualidad-informativa","tag-fiscalia","tag-jose-domingo-perez","tag-juan-manuel-duarte-castro","tag-ministerio-publico"],"_links":{"self":[{"href":"https:\/\/elinformanteperu.com\/index.php\/wp-json\/wp\/v2\/posts\/40753","targetHints":{"allow":["GET"]}}],"collection":[{"href":"https:\/\/elinformanteperu.com\/index.php\/wp-json\/wp\/v2\/posts"}],"about":[{"href":"https:\/\/elinformanteperu.com\/index.php\/wp-json\/wp\/v2\/types\/post"}],"author":[{"embeddable":true,"href":"https:\/\/elinformanteperu.com\/index.php\/wp-json\/wp\/v2\/users\/1"}],"replies":[{"embeddable":true,"href":"https:\/\/elinformanteperu.com\/index.php\/wp-json\/wp\/v2\/comments?post=40753"}],"version-history":[{"count":1,"href":"https:\/\/elinformanteperu.com\/index.php\/wp-json\/wp\/v2\/posts\/40753\/revisions"}],"predecessor-version":[{"id":40756,"href":"https:\/\/elinformanteperu.com\/index.php\/wp-json\/wp\/v2\/posts\/40753\/revisions\/40756"}],"wp:featuredmedia":[{"embeddable":true,"href":"https:\/\/elinformanteperu.com\/index.php\/wp-json\/wp\/v2\/media\/40755"}],"wp:attachment":[{"href":"https:\/\/elinformanteperu.com\/index.php\/wp-json\/wp\/v2\/media?parent=40753"}],"wp:term":[{"taxonomy":"category","embeddable":true,"href":"https:\/\/elinformanteperu.com\/index.php\/wp-json\/wp\/v2\/categories?post=40753"},{"taxonomy":"post_tag","embeddable":true,"href":"https:\/\/elinformanteperu.com\/index.php\/wp-json\/wp\/v2\/tags?post=40753"}],"curies":[{"name":"wp","href":"https:\/\/api.w.org\/{rel}","templated":true}]}}