{"id":40748,"date":"2019-01-05T11:25:36","date_gmt":"2019-01-05T16:25:36","guid":{"rendered":"http:\/\/elinformanteperu.com\/?p=40748"},"modified":"2019-01-05T11:25:36","modified_gmt":"2019-01-05T16:25:36","slug":"ana-herz-salio-del-penal-anexo-mujeres-de-chorrillos","status":"publish","type":"post","link":"https:\/\/elinformanteperu.com\/index.php\/2019\/01\/05\/ana-herz-salio-del-penal-anexo-mujeres-de-chorrillos\/","title":{"rendered":"Ana Herz sali\u00f3 del penal Anexo Mujeres de Chorrillos"},"content":{"rendered":"<p><strong><span style=\"color: #000000;\">Ana Herz, exasesora de Keiko Fujimori, sali\u00f3 del penal Anexo Mujeres de Chorrillos luego de que la Segunda Sala Penal de Apelaciones decidi\u00f3 declarar fundada la apelaci\u00f3n.<\/span><\/strong><\/p>\n<p><span style=\"color: #000000;\"><strong>Lima, 05 de Enero 2019, (ANDINA).-<\/strong> Ana Herz, exasesora de Keiko Fujimori, sali\u00f3 del penal Anexo Mujeres de Chorrillos luego de que la Segunda Sala Penal de Apelaciones decidi\u00f3 declarar fundada la apelaci\u00f3n contra su prisi\u00f3n preventiva por 36 meses.<\/span><\/p>\n<p><span style=\"color: #000000;\">Ana Herz de Vega sali\u00f3 del penal sin dar declaraciones a la prensa y subi\u00f3 r\u00e1pidamente a un autom\u00f3vil rojo que se dirigi\u00f3 luego hacia el Circuito de Playas.<\/span><\/p>\n<p><span style=\"color: #000000;\">En la v\u00edspera el colegiado que preside el juez Octavio Sahaunay determin\u00f3 a trav\u00e9s de una resoluci\u00f3n revocar la disposici\u00f3n del juez de investigaci\u00f3n preparatoria Richard Concepci\u00f3n Carhuancho, que ordena 36 meses de prisi\u00f3n preventiva contra Herz.<\/span><\/p>\n<p><span style=\"color: #000000;\">Ana Herz, imputada en el caso Odebrecht, seg\u00fan palabras de la propia Keiko Fujimori, es una persona a la que siempre escuch\u00f3 y cuya opini\u00f3n fue considerada.<\/span><\/p>\n<p><span style=\"color: #000000;\">Ana Herz es cercana a Keiko Fujimori desde 1995, cuando era primera dama de la Naci\u00f3n. Se conocieron en el Hospital del Ni\u00f1o, donde Herz realizaba voluntariado, y ayud\u00f3 a la hija mayor de Alberto Fujimori a crear la Fundaci\u00f3n Cardio Infantil.<\/span><\/p>\n","protected":false},"excerpt":{"rendered":"<p>Ana Herz, exasesora de Keiko Fujimori, sali\u00f3 del penal Anexo Mujeres de Chorrillos luego de que la Segunda Sala Penal de Apelaciones decidi\u00f3 declarar fundada la apelaci\u00f3n. Lima, 05 de Enero 2019, (ANDINA).- Ana Herz, exasesora de Keiko Fujimori, sali\u00f3 del penal Anexo Mujeres de Chorrillos luego de que la Segunda Sala Penal de Apelaciones [&hellip;]<\/p>\n","protected":false},"author":1,"featured_media":40750,"comment_status":"open","ping_status":"open","sticky":false,"template":"","format":"standard","meta":{"rop_custom_images_group":[],"rop_custom_messages_group":[],"rop_publish_now":"initial","rop_publish_now_accounts":[],"rop_publish_now_history":[],"rop_publish_now_status":"pending","footnotes":""},"categories":[5],"tags":[3671,557,163],"class_list":["post-40748","post","type-post","status-publish","format-standard","has-post-thumbnail","hentry","category-actualidad-informativa","tag-ana-herz","tag-keiko-fujimori","tag-poder-judicial"],"_links":{"self":[{"href":"https:\/\/elinformanteperu.com\/index.php\/wp-json\/wp\/v2\/posts\/40748","targetHints":{"allow":["GET"]}}],"collection":[{"href":"https:\/\/elinformanteperu.com\/index.php\/wp-json\/wp\/v2\/posts"}],"about":[{"href":"https:\/\/elinformanteperu.com\/index.php\/wp-json\/wp\/v2\/types\/post"}],"author":[{"embeddable":true,"href":"https:\/\/elinformanteperu.com\/index.php\/wp-json\/wp\/v2\/users\/1"}],"replies":[{"embeddable":true,"href":"https:\/\/elinformanteperu.com\/index.php\/wp-json\/wp\/v2\/comments?post=40748"}],"version-history":[{"count":1,"href":"https:\/\/elinformanteperu.com\/index.php\/wp-json\/wp\/v2\/posts\/40748\/revisions"}],"predecessor-version":[{"id":40751,"href":"https:\/\/elinformanteperu.com\/index.php\/wp-json\/wp\/v2\/posts\/40748\/revisions\/40751"}],"wp:featuredmedia":[{"embeddable":true,"href":"https:\/\/elinformanteperu.com\/index.php\/wp-json\/wp\/v2\/media\/40750"}],"wp:attachment":[{"href":"https:\/\/elinformanteperu.com\/index.php\/wp-json\/wp\/v2\/media?parent=40748"}],"wp:term":[{"taxonomy":"category","embeddable":true,"href":"https:\/\/elinformanteperu.com\/index.php\/wp-json\/wp\/v2\/categories?post=40748"},{"taxonomy":"post_tag","embeddable":true,"href":"https:\/\/elinformanteperu.com\/index.php\/wp-json\/wp\/v2\/tags?post=40748"}],"curies":[{"name":"wp","href":"https:\/\/api.w.org\/{rel}","templated":true}]}}